{"id":6482,"date":"2024-11-12T06:44:47","date_gmt":"2024-11-12T06:44:47","guid":{"rendered":"https:\/\/247stiri.ro\/index.php\/2024\/11\/12\/postul-craciunului-vine-cu-preturi-de-cosmar-romanii-sunt-ingroziti-mancam-ce-apucam\/"},"modified":"2024-11-12T06:44:47","modified_gmt":"2024-11-12T06:44:47","slug":"postul-craciunului-vine-cu-preturi-de-cosmar-romanii-sunt-ingroziti-mancam-ce-apucam","status":"publish","type":"post","link":"https:\/\/247stiri.ro\/index.php\/2024\/11\/12\/postul-craciunului-vine-cu-preturi-de-cosmar-romanii-sunt-ingroziti-mancam-ce-apucam\/","title":{"rendered":"Postul Cr\u0103ciunului vine cu PRE\u021aURI de co\u0219mar. Rom\u00e2nii sunt \u00eengrozi\u021bi: &#8222;M\u00e2nc\u0103m ce apuc\u0103m&#8230;&#8221;"},"content":{"rendered":"<p>Pre\u021burile la legume sunt aproape duble fa\u021b\u0103 de prim\u0103var\u0103, iar de fructe nici nu te po\u021bi apropia. Pensionarii se pl\u00e2ng c\u0103 renun\u021b\u0103 la post din cauza valului de scumpiri. Produse precum cartofii, fasolea, varza \u0219i ardeii sunt printre cele mai scumpe legume de pe pia\u021b\u0103.<\/p>\n<p>&#8222;Sunt scumpe. Pai ce mai e ieftin in tara asta? Mancam ce apucam, sunt si bolnav&#8221;, spune un pensionar.<\/p>\n<p>Drept urmare, ace\u0219tia se \u00eendreapt\u0103 spre conservele din magazine despre care speciali\u0219tii spun c\u0103 sunt bombe cu E-uri.<\/p>\n<p>Sunt, \u00eens\u0103, \u0219i pensionari care nici nu vor s\u0103 aud\u0103 de post din cauza pre\u021burilor.<\/p>\n<p>&#8222;Nu prea, nu tinem post. Luam ceva in gura si plecam la treaba. Nu e timp si luam asa repede&#8221;, spune o bucururesteanca.<\/p>\n<p>Postul Cr\u0103ciunului, cunoscut \u0219i ca postul Na\u0219terii Domnului, \u00eencepe \u00een diminea\u021ba zilei de 15 noiembrie \u0219i \u021bine 40 de zile. Mai exact, ultima zi de post va fi pe 24 decembrie.\u00a0<\/p>\n<p><a href=\"https:\/\/www.realitatea.net\/stiri\/actual\/cate-zile-libere-de-la-stat-vor-avea-romanii-in-2025-calendarul-complet-al-minivacantelor-in-anul-ce-vine_67160de43f957a57743a9cfe\" target=\"_blank\" rel=\"noopener\">C\u00e2te zile libere de la stat vor avea rom\u00e2nii \u00een 2025. Calendarul complet al mini-vacan\u021belor \u00een anul ce vine<\/a><\/p>","protected":false},"excerpt":{"rendered":"<p>Pre\u021burile la legume sunt aproape duble fa\u021b\u0103 de prim\u0103var\u0103, iar de fructe nici nu te&hellip;<\/p>\n","protected":false},"author":0,"featured_media":6483,"comment_status":"open","ping_status":"open","sticky":false,"template":"","format":"standard","meta":{"footnotes":""},"categories":[2],"tags":[],"class_list":["post-6482","post","type-post","status-publish","format-standard","has-post-thumbnail","hentry","category-actual"],"_links":{"self":[{"href":"https:\/\/247stiri.ro\/index.php\/wp-json\/wp\/v2\/posts\/6482","targetHints":{"allow":["GET"]}}],"collection":[{"href":"https:\/\/247stiri.ro\/index.php\/wp-json\/wp\/v2\/posts"}],"about":[{"href":"https:\/\/247stiri.ro\/index.php\/wp-json\/wp\/v2\/types\/post"}],"replies":[{"embeddable":true,"href":"https:\/\/247stiri.ro\/index.php\/wp-json\/wp\/v2\/comments?post=6482"}],"version-history":[{"count":0,"href":"https:\/\/247stiri.ro\/index.php\/wp-json\/wp\/v2\/posts\/6482\/revisions"}],"wp:featuredmedia":[{"embeddable":true,"href":"https:\/\/247stiri.ro\/index.php\/wp-json\/wp\/v2\/media\/6483"}],"wp:attachment":[{"href":"https:\/\/247stiri.ro\/index.php\/wp-json\/wp\/v2\/media?parent=6482"}],"wp:term":[{"taxonomy":"category","embeddable":true,"href":"https:\/\/247stiri.ro\/index.php\/wp-json\/wp\/v2\/categories?post=6482"},{"taxonomy":"post_tag","embeddable":true,"href":"https:\/\/247stiri.ro\/index.php\/wp-json\/wp\/v2\/tags?post=6482"}],"curies":[{"name":"wp","href":"https:\/\/api.w.org\/{rel}","templated":true}]}}