{"id":65232,"date":"2026-08-29T17:44:59","date_gmt":"2026-08-29T17:44:59","guid":{"rendered":"https:\/\/247stiri.ro\/index.php\/2026\/08\/29\/turcia-reactioneaza-dupa-atacurile-din-marea-neagra-si-il-convoaca-pe-ambasadorul-ucrainean\/"},"modified":"2026-08-29T17:44:59","modified_gmt":"2026-08-29T17:44:59","slug":"turcia-reactioneaza-dupa-atacurile-din-marea-neagra-si-il-convoaca-pe-ambasadorul-ucrainean","status":"publish","type":"post","link":"https:\/\/247stiri.ro\/index.php\/2026\/08\/29\/turcia-reactioneaza-dupa-atacurile-din-marea-neagra-si-il-convoaca-pe-ambasadorul-ucrainean\/","title":{"rendered":"Turcia reac\u021bioneaz\u0103 dup\u0103 atacurile din Marea Neagr\u0103 \u0219i \u00eel convoac\u0103 pe ambasadorul ucrainean"},"content":{"rendered":"<p>Ministerul turc al Afacerilor Externe l-a convocat pe ambasadorul Ucrainei la Ankara, \u00een urma atacurilor repetate asupra unei nave turce\u0219ti \u0219i a remorcherului trimis \u00een ajutor \u00een Marea Neagr\u0103. Incidentul maritim tensioneaz\u0103 rela\u021biile diplomatice dintre cele dou\u0103 state, ridic\u00e2nd noi \u00eengrijor\u0103ri privind securitatea naviga\u021biei \u0219i stabilitatea din regiune.<\/p>","protected":false},"excerpt":{"rendered":"<p>Ministerul turc al Afacerilor Externe l-a convocat pe ambasadorul Ucrainei la Ankara, \u00een urma atacurilor&hellip;<\/p>\n","protected":false},"author":0,"featured_media":0,"comment_status":"open","ping_status":"open","sticky":false,"template":"","format":"standard","meta":{"footnotes":""},"categories":[4],"tags":[],"class_list":["post-65232","post","type-post","status-publish","format-standard","hentry","category-extern"],"_links":{"self":[{"href":"https:\/\/247stiri.ro\/index.php\/wp-json\/wp\/v2\/posts\/65232","targetHints":{"allow":["GET"]}}],"collection":[{"href":"https:\/\/247stiri.ro\/index.php\/wp-json\/wp\/v2\/posts"}],"about":[{"href":"https:\/\/247stiri.ro\/index.php\/wp-json\/wp\/v2\/types\/post"}],"replies":[{"embeddable":true,"href":"https:\/\/247stiri.ro\/index.php\/wp-json\/wp\/v2\/comments?post=65232"}],"version-history":[{"count":0,"href":"https:\/\/247stiri.ro\/index.php\/wp-json\/wp\/v2\/posts\/65232\/revisions"}],"wp:attachment":[{"href":"https:\/\/247stiri.ro\/index.php\/wp-json\/wp\/v2\/media?parent=65232"}],"wp:term":[{"taxonomy":"category","embeddable":true,"href":"https:\/\/247stiri.ro\/index.php\/wp-json\/wp\/v2\/categories?post=65232"},{"taxonomy":"post_tag","embeddable":true,"href":"https:\/\/247stiri.ro\/index.php\/wp-json\/wp\/v2\/tags?post=65232"}],"curies":[{"name":"wp","href":"https:\/\/api.w.org\/{rel}","templated":true}]}}