{"id":6527,"date":"2024-11-12T09:23:38","date_gmt":"2024-11-12T09:23:38","guid":{"rendered":"https:\/\/247stiri.ro\/index.php\/2024\/11\/12\/dosarul-gala-bute-iccj-asteptata-sa-se-pronunte-asupra-cererii-de-revizuire-a-pedepsei-formulata-de-elena-udrea\/"},"modified":"2024-11-12T09:23:38","modified_gmt":"2024-11-12T09:23:38","slug":"dosarul-gala-bute-iccj-asteptata-sa-se-pronunte-asupra-cererii-de-revizuire-a-pedepsei-formulata-de-elena-udrea","status":"publish","type":"post","link":"https:\/\/247stiri.ro\/index.php\/2024\/11\/12\/dosarul-gala-bute-iccj-asteptata-sa-se-pronunte-asupra-cererii-de-revizuire-a-pedepsei-formulata-de-elena-udrea\/","title":{"rendered":"Dosarul Gala Bute. ICCJ, a\u015fteptat\u0103 s\u0103 se pronun\u0163e asupra cererii de revizuire a pedepsei formulat\u0103 de Elena Udrea"},"content":{"rendered":"<p>\u00cen dosarul 134\/1\/2024, magistra\u0163ii ICCJ sunt a\u015ftepta\u0163i s\u0103 se pronun\u0163e asupra unei cereri de revizuire formulate de Elena Udrea. \u00cen acest caz au avut mai multe am\u00e2n\u0103ri \u00een ceea ce prive\u015fte pronun\u0163area.<\/p>\n<p>Elena Udrea a fost condamnat\u0103 definitiv la \u015fase ani de \u00eenchisoare pentru luare de mit\u0103 \u015fi abuz \u00een serviciu \u00een dosarul Gala Bute, \u00een 7 aprilie 2022, ea p\u0103r\u0103sind \u0163ara \u00eenainte de pronun\u0163area sentin\u0163ei. \u00cen aceea\u015fi zi, a fost dat\u0103 \u00een urm\u0103rire \u015fi prins\u0103 pe teritoriul bulgar, \u00een Vama Kulata, la grani\u0163a cu Grecia.\u00a0Ea a stat \u00een Bulgaria \u00een arest preventiv p\u00e2n\u0103 \u00een 10 iunie 2022, c\u00e2nd autorit\u0103\u0163ile bulgare au decis definitiv extr\u0103darea sa, fiind adus\u0103 \u00een \u0163ar\u0103 \u00een 16 iunie 2022.\u00a0Elena Udrea a formulat o contesta\u0163ie la executare \u00een urma condamn\u0103rii din dosarul Gala Bute, care a fost respins\u0103 de \u00ceCCJ pe data de 1 noiembrie 2022. Hot\u0103r\u00e2rea nu era definitiv\u0103 \u015fi a fost contestat\u0103 de fostul ministru al Turismului, contesta\u0163ia fiind respins\u0103 definitiv \u00een martie 2023.<\/p>","protected":false},"excerpt":{"rendered":"<p>\u00cen dosarul 134\/1\/2024, magistra\u0163ii ICCJ sunt a\u015ftepta\u0163i s\u0103 se pronun\u0163e asupra unei cereri de revizuire&hellip;<\/p>\n","protected":false},"author":0,"featured_media":6528,"comment_status":"open","ping_status":"open","sticky":false,"template":"","format":"standard","meta":{"footnotes":""},"categories":[3],"tags":[],"class_list":["post-6527","post","type-post","status-publish","format-standard","has-post-thumbnail","hentry","category-politica"],"_links":{"self":[{"href":"https:\/\/247stiri.ro\/index.php\/wp-json\/wp\/v2\/posts\/6527","targetHints":{"allow":["GET"]}}],"collection":[{"href":"https:\/\/247stiri.ro\/index.php\/wp-json\/wp\/v2\/posts"}],"about":[{"href":"https:\/\/247stiri.ro\/index.php\/wp-json\/wp\/v2\/types\/post"}],"replies":[{"embeddable":true,"href":"https:\/\/247stiri.ro\/index.php\/wp-json\/wp\/v2\/comments?post=6527"}],"version-history":[{"count":0,"href":"https:\/\/247stiri.ro\/index.php\/wp-json\/wp\/v2\/posts\/6527\/revisions"}],"wp:featuredmedia":[{"embeddable":true,"href":"https:\/\/247stiri.ro\/index.php\/wp-json\/wp\/v2\/media\/6528"}],"wp:attachment":[{"href":"https:\/\/247stiri.ro\/index.php\/wp-json\/wp\/v2\/media?parent=6527"}],"wp:term":[{"taxonomy":"category","embeddable":true,"href":"https:\/\/247stiri.ro\/index.php\/wp-json\/wp\/v2\/categories?post=6527"},{"taxonomy":"post_tag","embeddable":true,"href":"https:\/\/247stiri.ro\/index.php\/wp-json\/wp\/v2\/tags?post=6527"}],"curies":[{"name":"wp","href":"https:\/\/api.w.org\/{rel}","templated":true}]}}