{"id":65398,"date":"2026-09-01T09:44:48","date_gmt":"2026-09-01T09:44:48","guid":{"rendered":"https:\/\/247stiri.ro\/index.php\/2026\/09\/01\/cand-isi-reia-teheranul-angajamentele-cu-sua-conditia-pusa-de-teheran\/"},"modified":"2026-09-01T09:44:48","modified_gmt":"2026-09-01T09:44:48","slug":"cand-isi-reia-teheranul-angajamentele-cu-sua-conditia-pusa-de-teheran","status":"publish","type":"post","link":"https:\/\/247stiri.ro\/index.php\/2026\/09\/01\/cand-isi-reia-teheranul-angajamentele-cu-sua-conditia-pusa-de-teheran\/","title":{"rendered":"C\u00e2nd \u00ee\u0219i reia Teheranul angajamentele cu SUA. Condi\u021bia pus\u0103 de Teheran"},"content":{"rendered":"<p>Pre\u0219edintele iranian Massoud Pezeshkian a declarat mar\u021bi c\u0103 Teheranul \u00ee\u0219i va relua \u201eimediat\u201d angajamentele asumate prin protocolul de acord \u00eencheiat \u00een iunie, dac\u0103 Statele Unite vor reveni la respectarea termenilor acestuia.<\/p>","protected":false},"excerpt":{"rendered":"<p>Pre\u0219edintele iranian Massoud Pezeshkian a declarat mar\u021bi c\u0103 Teheranul \u00ee\u0219i va relua \u201eimediat\u201d angajamentele asumate&hellip;<\/p>\n","protected":false},"author":0,"featured_media":0,"comment_status":"open","ping_status":"open","sticky":false,"template":"","format":"standard","meta":{"footnotes":""},"categories":[4],"tags":[],"class_list":["post-65398","post","type-post","status-publish","format-standard","hentry","category-extern"],"_links":{"self":[{"href":"https:\/\/247stiri.ro\/index.php\/wp-json\/wp\/v2\/posts\/65398","targetHints":{"allow":["GET"]}}],"collection":[{"href":"https:\/\/247stiri.ro\/index.php\/wp-json\/wp\/v2\/posts"}],"about":[{"href":"https:\/\/247stiri.ro\/index.php\/wp-json\/wp\/v2\/types\/post"}],"replies":[{"embeddable":true,"href":"https:\/\/247stiri.ro\/index.php\/wp-json\/wp\/v2\/comments?post=65398"}],"version-history":[{"count":0,"href":"https:\/\/247stiri.ro\/index.php\/wp-json\/wp\/v2\/posts\/65398\/revisions"}],"wp:attachment":[{"href":"https:\/\/247stiri.ro\/index.php\/wp-json\/wp\/v2\/media?parent=65398"}],"wp:term":[{"taxonomy":"category","embeddable":true,"href":"https:\/\/247stiri.ro\/index.php\/wp-json\/wp\/v2\/categories?post=65398"},{"taxonomy":"post_tag","embeddable":true,"href":"https:\/\/247stiri.ro\/index.php\/wp-json\/wp\/v2\/tags?post=65398"}],"curies":[{"name":"wp","href":"https:\/\/api.w.org\/{rel}","templated":true}]}}