{"id":65400,"date":"2026-09-01T09:44:49","date_gmt":"2026-09-01T09:44:49","guid":{"rendered":"https:\/\/247stiri.ro\/index.php\/2026\/09\/01\/nicusor-dan-o-primeste-pe-angela-merkel-la-cotroceni-fostul-cancelar-german-isi-lanseaza-memoriile-la-ateneu\/"},"modified":"2026-09-01T09:44:49","modified_gmt":"2026-09-01T09:44:49","slug":"nicusor-dan-o-primeste-pe-angela-merkel-la-cotroceni-fostul-cancelar-german-isi-lanseaza-memoriile-la-ateneu","status":"publish","type":"post","link":"https:\/\/247stiri.ro\/index.php\/2026\/09\/01\/nicusor-dan-o-primeste-pe-angela-merkel-la-cotroceni-fostul-cancelar-german-isi-lanseaza-memoriile-la-ateneu\/","title":{"rendered":"Nicu\u0219or Dan o prime\u0219te pe Angela Merkel la Cotroceni. Fostul cancelar german \u00ee\u0219i lanseaz\u0103 memoriile la Ateneu"},"content":{"rendered":"<p>Pre\u0219edintele Nicu\u0219or Dan o va primi mar\u021bi, 1 septembrie, la Palatul Cotroceni, pe Angela Merkel, fost cancelar al Germaniei. \u00cent\u00e2lnirea este programat\u0103 s\u0103 \u00eenceap\u0103 la ora 12:30, potrivit Administra\u021biei Preziden\u021biale.<\/p>","protected":false},"excerpt":{"rendered":"<p>Pre\u0219edintele Nicu\u0219or Dan o va primi mar\u021bi, 1 septembrie, la Palatul Cotroceni, pe Angela Merkel,&hellip;<\/p>\n","protected":false},"author":0,"featured_media":0,"comment_status":"open","ping_status":"open","sticky":false,"template":"","format":"standard","meta":{"footnotes":""},"categories":[3],"tags":[],"class_list":["post-65400","post","type-post","status-publish","format-standard","hentry","category-politica"],"_links":{"self":[{"href":"https:\/\/247stiri.ro\/index.php\/wp-json\/wp\/v2\/posts\/65400","targetHints":{"allow":["GET"]}}],"collection":[{"href":"https:\/\/247stiri.ro\/index.php\/wp-json\/wp\/v2\/posts"}],"about":[{"href":"https:\/\/247stiri.ro\/index.php\/wp-json\/wp\/v2\/types\/post"}],"replies":[{"embeddable":true,"href":"https:\/\/247stiri.ro\/index.php\/wp-json\/wp\/v2\/comments?post=65400"}],"version-history":[{"count":0,"href":"https:\/\/247stiri.ro\/index.php\/wp-json\/wp\/v2\/posts\/65400\/revisions"}],"wp:attachment":[{"href":"https:\/\/247stiri.ro\/index.php\/wp-json\/wp\/v2\/media?parent=65400"}],"wp:term":[{"taxonomy":"category","embeddable":true,"href":"https:\/\/247stiri.ro\/index.php\/wp-json\/wp\/v2\/categories?post=65400"},{"taxonomy":"post_tag","embeddable":true,"href":"https:\/\/247stiri.ro\/index.php\/wp-json\/wp\/v2\/tags?post=65400"}],"curies":[{"name":"wp","href":"https:\/\/api.w.org\/{rel}","templated":true}]}}