{"id":65421,"date":"2026-09-01T13:44:50","date_gmt":"2026-09-01T13:44:50","guid":{"rendered":"https:\/\/247stiri.ro\/index.php\/2026\/09\/01\/john-ternus-preia-conducerea-apple-si-incheie-era-tim-cook\/"},"modified":"2026-09-01T13:44:50","modified_gmt":"2026-09-01T13:44:50","slug":"john-ternus-preia-conducerea-apple-si-incheie-era-tim-cook","status":"publish","type":"post","link":"https:\/\/247stiri.ro\/index.php\/2026\/09\/01\/john-ternus-preia-conducerea-apple-si-incheie-era-tim-cook\/","title":{"rendered":"John Ternus preia conducerea Apple \u0219i \u00eencheie era Tim Cook"},"content":{"rendered":"<p>John Ternus preia mar\u021bi func\u021bia de director general al Apple, pun\u00e2nd cap\u0103t mandatului de 15 ani al lui Tim Cook. Schimbarea are loc \u00eentr-un moment important pentru gigantul tehnologic american, care \u00eencearc\u0103 s\u0103 recupereze teren \u00een cursa pentru inteligen\u021ba artificial\u0103.<\/p>","protected":false},"excerpt":{"rendered":"<p>John Ternus preia mar\u021bi func\u021bia de director general al Apple, pun\u00e2nd cap\u0103t mandatului de 15&hellip;<\/p>\n","protected":false},"author":0,"featured_media":0,"comment_status":"open","ping_status":"open","sticky":false,"template":"","format":"standard","meta":{"footnotes":""},"categories":[4],"tags":[],"class_list":["post-65421","post","type-post","status-publish","format-standard","hentry","category-extern"],"_links":{"self":[{"href":"https:\/\/247stiri.ro\/index.php\/wp-json\/wp\/v2\/posts\/65421","targetHints":{"allow":["GET"]}}],"collection":[{"href":"https:\/\/247stiri.ro\/index.php\/wp-json\/wp\/v2\/posts"}],"about":[{"href":"https:\/\/247stiri.ro\/index.php\/wp-json\/wp\/v2\/types\/post"}],"replies":[{"embeddable":true,"href":"https:\/\/247stiri.ro\/index.php\/wp-json\/wp\/v2\/comments?post=65421"}],"version-history":[{"count":0,"href":"https:\/\/247stiri.ro\/index.php\/wp-json\/wp\/v2\/posts\/65421\/revisions"}],"wp:attachment":[{"href":"https:\/\/247stiri.ro\/index.php\/wp-json\/wp\/v2\/media?parent=65421"}],"wp:term":[{"taxonomy":"category","embeddable":true,"href":"https:\/\/247stiri.ro\/index.php\/wp-json\/wp\/v2\/categories?post=65421"},{"taxonomy":"post_tag","embeddable":true,"href":"https:\/\/247stiri.ro\/index.php\/wp-json\/wp\/v2\/tags?post=65421"}],"curies":[{"name":"wp","href":"https:\/\/api.w.org\/{rel}","templated":true}]}}