{"id":65444,"date":"2026-09-01T17:44:51","date_gmt":"2026-09-01T17:44:51","guid":{"rendered":"https:\/\/247stiri.ro\/index.php\/2026\/09\/01\/nicusor-dan-despre-activitatea-procurorilor-sefi-impresia-pana-in-momentul-asta-este-ca-activitatea-s-a-dinamizat\/"},"modified":"2026-09-01T17:44:51","modified_gmt":"2026-09-01T17:44:51","slug":"nicusor-dan-despre-activitatea-procurorilor-sefi-impresia-pana-in-momentul-asta-este-ca-activitatea-s-a-dinamizat","status":"publish","type":"post","link":"https:\/\/247stiri.ro\/index.php\/2026\/09\/01\/nicusor-dan-despre-activitatea-procurorilor-sefi-impresia-pana-in-momentul-asta-este-ca-activitatea-s-a-dinamizat\/","title":{"rendered":"Nicu\u0219or Dan, despre activitatea procurorilor \u0219efi: \u201eImpresia, p\u00e2n\u0103 \u00een momentul \u0103sta, este c\u0103 activitatea s-a dinamizat\u201d"},"content":{"rendered":"<p>Pre\u0219edintele Nicu\u0219or Dan a vorbit, mar\u021bi, despre evolu\u021bia activit\u0103\u021bii procurorilor \u0219efi numi\u021bi \u00een urm\u0103 cu c\u00e2teva luni \u0219i despre a\u0219tept\u0103rile pe care societatea le are de la sistemul judiciar. \u0218eful statului a anun\u021bat c\u0103 va face o evaluare mai clar\u0103 dup\u0103 \u00eemplinirea perioadei de \u0219ase luni de la numirea acestora, \u00eens\u0103 sus\u021bine c\u0103 primele impresii sunt pozitive.<\/p>","protected":false},"excerpt":{"rendered":"<p>Pre\u0219edintele Nicu\u0219or Dan a vorbit, mar\u021bi, despre evolu\u021bia activit\u0103\u021bii procurorilor \u0219efi numi\u021bi \u00een urm\u0103 cu&hellip;<\/p>\n","protected":false},"author":0,"featured_media":0,"comment_status":"open","ping_status":"open","sticky":false,"template":"","format":"standard","meta":{"footnotes":""},"categories":[3],"tags":[],"class_list":["post-65444","post","type-post","status-publish","format-standard","hentry","category-politica"],"_links":{"self":[{"href":"https:\/\/247stiri.ro\/index.php\/wp-json\/wp\/v2\/posts\/65444","targetHints":{"allow":["GET"]}}],"collection":[{"href":"https:\/\/247stiri.ro\/index.php\/wp-json\/wp\/v2\/posts"}],"about":[{"href":"https:\/\/247stiri.ro\/index.php\/wp-json\/wp\/v2\/types\/post"}],"replies":[{"embeddable":true,"href":"https:\/\/247stiri.ro\/index.php\/wp-json\/wp\/v2\/comments?post=65444"}],"version-history":[{"count":0,"href":"https:\/\/247stiri.ro\/index.php\/wp-json\/wp\/v2\/posts\/65444\/revisions"}],"wp:attachment":[{"href":"https:\/\/247stiri.ro\/index.php\/wp-json\/wp\/v2\/media?parent=65444"}],"wp:term":[{"taxonomy":"category","embeddable":true,"href":"https:\/\/247stiri.ro\/index.php\/wp-json\/wp\/v2\/categories?post=65444"},{"taxonomy":"post_tag","embeddable":true,"href":"https:\/\/247stiri.ro\/index.php\/wp-json\/wp\/v2\/tags?post=65444"}],"curies":[{"name":"wp","href":"https:\/\/api.w.org\/{rel}","templated":true}]}}