{"id":65486,"date":"2026-09-02T09:44:54","date_gmt":"2026-09-02T09:44:54","guid":{"rendered":"https:\/\/247stiri.ro\/index.php\/2026\/09\/02\/madonna-si-a-uimit-din-nou-fanii-cu-o-serie-de-fotografii-fara-varsta-n-am-recunoscut-o\/"},"modified":"2026-09-02T09:44:54","modified_gmt":"2026-09-02T09:44:54","slug":"madonna-si-a-uimit-din-nou-fanii-cu-o-serie-de-fotografii-fara-varsta-n-am-recunoscut-o","status":"publish","type":"post","link":"https:\/\/247stiri.ro\/index.php\/2026\/09\/02\/madonna-si-a-uimit-din-nou-fanii-cu-o-serie-de-fotografii-fara-varsta-n-am-recunoscut-o\/","title":{"rendered":"Madonna \u0219i-a uimit din nou fanii, cu o serie de fotografii \u201ef\u0103r\u0103 v\u00e2rst\u0103\u201d: \u201eN-am recunoscut-o!\u201d"},"content":{"rendered":"<p>Madonna a st\u00e2rnit din nou valuri pe re\u021belele sociale, dup\u0103 ce a publicat o serie de fotografii \u00een care \u00ee\u0219i afi\u0219eaz\u0103 un look complet schimbat, cu un ten impecabil \u0219i o apari\u021bie \u201ef\u0103r\u0103 v\u00e2rst\u0103\u201d. La 68 de ani, Regina Muzicii Pop pare s\u0103 fi \u00eentors timpul \u00eenapoi, iar fanii au reac\u021bionat imediat: \u201eNu am recunoscut-o!\u201d<\/p>","protected":false},"excerpt":{"rendered":"<p>Madonna a st\u00e2rnit din nou valuri pe re\u021belele sociale, dup\u0103 ce a publicat o serie&hellip;<\/p>\n","protected":false},"author":0,"featured_media":0,"comment_status":"open","ping_status":"open","sticky":false,"template":"","format":"standard","meta":{"footnotes":""},"categories":[8],"tags":[],"class_list":["post-65486","post","type-post","status-publish","format-standard","hentry","category-lifestyle"],"_links":{"self":[{"href":"https:\/\/247stiri.ro\/index.php\/wp-json\/wp\/v2\/posts\/65486","targetHints":{"allow":["GET"]}}],"collection":[{"href":"https:\/\/247stiri.ro\/index.php\/wp-json\/wp\/v2\/posts"}],"about":[{"href":"https:\/\/247stiri.ro\/index.php\/wp-json\/wp\/v2\/types\/post"}],"replies":[{"embeddable":true,"href":"https:\/\/247stiri.ro\/index.php\/wp-json\/wp\/v2\/comments?post=65486"}],"version-history":[{"count":0,"href":"https:\/\/247stiri.ro\/index.php\/wp-json\/wp\/v2\/posts\/65486\/revisions"}],"wp:attachment":[{"href":"https:\/\/247stiri.ro\/index.php\/wp-json\/wp\/v2\/media?parent=65486"}],"wp:term":[{"taxonomy":"category","embeddable":true,"href":"https:\/\/247stiri.ro\/index.php\/wp-json\/wp\/v2\/categories?post=65486"},{"taxonomy":"post_tag","embeddable":true,"href":"https:\/\/247stiri.ro\/index.php\/wp-json\/wp\/v2\/tags?post=65486"}],"curies":[{"name":"wp","href":"https:\/\/api.w.org\/{rel}","templated":true}]}}