{"id":65499,"date":"2026-09-02T11:44:54","date_gmt":"2026-09-02T11:44:54","guid":{"rendered":"https:\/\/247stiri.ro\/index.php\/2026\/09\/02\/presedintele-nicusor-dan-convoaca-o-noua-runda-de-negocieri-cu-liderii-politici-pentru-formarea-guvernului\/"},"modified":"2026-09-02T11:44:54","modified_gmt":"2026-09-02T11:44:54","slug":"presedintele-nicusor-dan-convoaca-o-noua-runda-de-negocieri-cu-liderii-politici-pentru-formarea-guvernului","status":"publish","type":"post","link":"https:\/\/247stiri.ro\/index.php\/2026\/09\/02\/presedintele-nicusor-dan-convoaca-o-noua-runda-de-negocieri-cu-liderii-politici-pentru-formarea-guvernului\/","title":{"rendered":"Pre\u0219edintele Nicu\u0219or Dan convoac\u0103 o nou\u0103 rund\u0103 de negocieri cu liderii politici, pentru formarea guvernului"},"content":{"rendered":"<p>Noi dezv\u0103luiri despre negocierile pentru noul premier. Pre\u0219edintele Nicu\u0219or Dan mai are nevoie de o nou\u0103 rund\u0103 de negocieri formale cu liderii partidelor \u00eenainte de desemnare, o \u00een\u021belegere suplimentar\u0103.<\/p>","protected":false},"excerpt":{"rendered":"<p>Noi dezv\u0103luiri despre negocierile pentru noul premier. Pre\u0219edintele Nicu\u0219or Dan mai are nevoie de o&hellip;<\/p>\n","protected":false},"author":0,"featured_media":0,"comment_status":"open","ping_status":"open","sticky":false,"template":"","format":"standard","meta":{"footnotes":""},"categories":[3],"tags":[],"class_list":["post-65499","post","type-post","status-publish","format-standard","hentry","category-politica"],"_links":{"self":[{"href":"https:\/\/247stiri.ro\/index.php\/wp-json\/wp\/v2\/posts\/65499","targetHints":{"allow":["GET"]}}],"collection":[{"href":"https:\/\/247stiri.ro\/index.php\/wp-json\/wp\/v2\/posts"}],"about":[{"href":"https:\/\/247stiri.ro\/index.php\/wp-json\/wp\/v2\/types\/post"}],"replies":[{"embeddable":true,"href":"https:\/\/247stiri.ro\/index.php\/wp-json\/wp\/v2\/comments?post=65499"}],"version-history":[{"count":0,"href":"https:\/\/247stiri.ro\/index.php\/wp-json\/wp\/v2\/posts\/65499\/revisions"}],"wp:attachment":[{"href":"https:\/\/247stiri.ro\/index.php\/wp-json\/wp\/v2\/media?parent=65499"}],"wp:term":[{"taxonomy":"category","embeddable":true,"href":"https:\/\/247stiri.ro\/index.php\/wp-json\/wp\/v2\/categories?post=65499"},{"taxonomy":"post_tag","embeddable":true,"href":"https:\/\/247stiri.ro\/index.php\/wp-json\/wp\/v2\/tags?post=65499"}],"curies":[{"name":"wp","href":"https:\/\/api.w.org\/{rel}","templated":true}]}}