{"id":6603,"date":"2024-11-12T11:55:05","date_gmt":"2024-11-12T11:55:05","guid":{"rendered":"https:\/\/247stiri.ro\/index.php\/2024\/11\/12\/george-simion-intervine-in-scandalul-politic-al-momentului-de-ce-are-liderul-aur-interdictie-de-a-intra-in-republica-moldova\/"},"modified":"2024-11-12T11:55:05","modified_gmt":"2024-11-12T11:55:05","slug":"george-simion-intervine-in-scandalul-politic-al-momentului-de-ce-are-liderul-aur-interdictie-de-a-intra-in-republica-moldova","status":"publish","type":"post","link":"https:\/\/247stiri.ro\/index.php\/2024\/11\/12\/george-simion-intervine-in-scandalul-politic-al-momentului-de-ce-are-liderul-aur-interdictie-de-a-intra-in-republica-moldova\/","title":{"rendered":"George Simion intervine \u00een scandalul politic al momentului. De ce are liderul AUR interdic\u021bie de a intra \u00een Republica Moldova?"},"content":{"rendered":"<p>&#8222;Actiunile acestea pe care le desf\u0103\u0219or din 2004, c\u00e2nd i-am pus lum\u00e2n\u0103ri lui Ion Iliescu au luat amploare. Am fost agitata \u0219i harnic, (&#8230;) am f\u0103cut mai multe ac\u021biuni de r\u0103sunet care i-au deranjat pe cei de la Chi\u0219in\u0103u \u0219i m-au expulzat.&#8221;, a precizat liderul AUR \u00eentr-un podcast.<\/p>\n\n<p>Simion a fost declarat persona non grata \u00een Republica Moldova din 2018, \u00een mandatul pro-rusului Igor Dodon, \u00eens\u0103 interdic\u021bia a fost prelungit\u0103 \u00een 2024. Autorit\u0103\u021bile nu au f\u0103cut public motivul prelungirii interdic\u021biei, dar au precizat c\u0103 au informat autorit\u0103\u021bile din Rom\u00e2nia despre aceast\u0103 decizie, a transmis \u0218tiri.md<\/p>","protected":false},"excerpt":{"rendered":"<p>&#8222;Actiunile acestea pe care le desf\u0103\u0219or din 2004, c\u00e2nd i-am pus lum\u00e2n\u0103ri lui Ion Iliescu&hellip;<\/p>\n","protected":false},"author":0,"featured_media":6601,"comment_status":"open","ping_status":"open","sticky":false,"template":"","format":"standard","meta":{"footnotes":""},"categories":[2],"tags":[],"class_list":["post-6603","post","type-post","status-publish","format-standard","has-post-thumbnail","hentry","category-actual"],"_links":{"self":[{"href":"https:\/\/247stiri.ro\/index.php\/wp-json\/wp\/v2\/posts\/6603","targetHints":{"allow":["GET"]}}],"collection":[{"href":"https:\/\/247stiri.ro\/index.php\/wp-json\/wp\/v2\/posts"}],"about":[{"href":"https:\/\/247stiri.ro\/index.php\/wp-json\/wp\/v2\/types\/post"}],"replies":[{"embeddable":true,"href":"https:\/\/247stiri.ro\/index.php\/wp-json\/wp\/v2\/comments?post=6603"}],"version-history":[{"count":0,"href":"https:\/\/247stiri.ro\/index.php\/wp-json\/wp\/v2\/posts\/6603\/revisions"}],"wp:featuredmedia":[{"embeddable":true,"href":"https:\/\/247stiri.ro\/index.php\/wp-json\/wp\/v2\/media\/6601"}],"wp:attachment":[{"href":"https:\/\/247stiri.ro\/index.php\/wp-json\/wp\/v2\/media?parent=6603"}],"wp:term":[{"taxonomy":"category","embeddable":true,"href":"https:\/\/247stiri.ro\/index.php\/wp-json\/wp\/v2\/categories?post=6603"},{"taxonomy":"post_tag","embeddable":true,"href":"https:\/\/247stiri.ro\/index.php\/wp-json\/wp\/v2\/tags?post=6603"}],"curies":[{"name":"wp","href":"https:\/\/api.w.org\/{rel}","templated":true}]}}