{"id":6622,"date":"2024-11-12T13:45:14","date_gmt":"2024-11-12T13:45:14","guid":{"rendered":"https:\/\/247stiri.ro\/index.php\/2024\/11\/12\/un-mijlocas-international-cu-potential-urias-s-a-stins-din-viata-la-doar-22-de-ani-ce-i-a-produs-decesul\/"},"modified":"2024-11-12T13:45:14","modified_gmt":"2024-11-12T13:45:14","slug":"un-mijlocas-international-cu-potential-urias-s-a-stins-din-viata-la-doar-22-de-ani-ce-i-a-produs-decesul","status":"publish","type":"post","link":"https:\/\/247stiri.ro\/index.php\/2024\/11\/12\/un-mijlocas-international-cu-potential-urias-s-a-stins-din-viata-la-doar-22-de-ani-ce-i-a-produs-decesul\/","title":{"rendered":"Un mijloca\u0219 interna\u021bional cu poten\u021bial uria\u0219 s-a stins din via\u021b\u0103 la doar 22 de ani! Ce i-a produs decesul"},"content":{"rendered":"<p>\u00a0\u201eCu profund\u0103 durere \u015fi triste\u0163e, ne pare r\u0103u s\u0103 anun\u0163\u0103m decesul iubitului nostru juc\u0103tor Marco Angulo\u201d, a transmis clubul la care pentru care juca fotbalistul, \u00eentr-un mesaj pe X.<\/p>\n<p>\u201eTransmitem cele mai profunde condolean\u0163e familiei sale \u015fi celor dragi. Decesrul s\u0103u este o pierdere ireparabil\u0103 care va l\u0103sa un semn de ne\u015fters \u00een inimile noastre. Odihne\u015fte-te \u00een pace\u201d, mai arat\u0103 sursa citat\u0103.<\/p>\n<p>Format la Independiente del Valle, mijloca\u015ful a petrecut un sezon \u00een MLS cu Cincinnati \u00eenainte de a fi \u00eemprumutat la Quito \u00een martie. El a avut dou\u0103 selec\u0163ii pentru Ecuador, \u00eempotriva Irakului (0-0) \u00een 2022 \u015fi Australia (1-2) \u00een martie 2023.<\/p>\n<p>Potrivit publica\u0163iei El Universo, ma\u015fina \u00een care se aflau Angulo \u015fi alte patru persoane nu a respectat semnele de circula\u0163ie pe o autostrad\u0103 la sud-est de Quito \u015fi s-a izbit de o structur\u0103 metalic\u0103 de 50 de tone.<\/p>\n<p>Alte dou\u0103 persoane \u015fi-au pierdut via\u0163a \u00een teribilul accident: Roberto Cabezas Simisterra, extrem\u0103 la Independiente Juniors, \u015fi Victor Charcopa Nazareno, v\u0103rul lui Diogo Nazareno, care joac\u0103 pentru Cuniburo F\u00fatbol Club.<\/p>\n<p>Foarte grav r\u0103nit, Marco Angulo a fost operat de urgen\u0163\u0103 la craniu pentru a reduce presiunea \u015fi a suferit o contuzie pulmonar\u0103.<\/p>\n<p>Mai mul\u0163i dintre coechipierii s\u0103i i-au adus un omagiu pe re\u0163elele de socializare, printre care \u015fi c\u0103pitanul echipei LDU Quito, Ezequiel Piovi.<\/p>","protected":false},"excerpt":{"rendered":"<p>\u00a0\u201eCu profund\u0103 durere \u015fi triste\u0163e, ne pare r\u0103u s\u0103 anun\u0163\u0103m decesul iubitului nostru juc\u0103tor Marco&hellip;<\/p>\n","protected":false},"author":0,"featured_media":0,"comment_status":"open","ping_status":"open","sticky":false,"template":"","format":"standard","meta":{"footnotes":""},"categories":[5],"tags":[],"class_list":["post-6622","post","type-post","status-publish","format-standard","hentry","category-sport"],"_links":{"self":[{"href":"https:\/\/247stiri.ro\/index.php\/wp-json\/wp\/v2\/posts\/6622","targetHints":{"allow":["GET"]}}],"collection":[{"href":"https:\/\/247stiri.ro\/index.php\/wp-json\/wp\/v2\/posts"}],"about":[{"href":"https:\/\/247stiri.ro\/index.php\/wp-json\/wp\/v2\/types\/post"}],"replies":[{"embeddable":true,"href":"https:\/\/247stiri.ro\/index.php\/wp-json\/wp\/v2\/comments?post=6622"}],"version-history":[{"count":0,"href":"https:\/\/247stiri.ro\/index.php\/wp-json\/wp\/v2\/posts\/6622\/revisions"}],"wp:attachment":[{"href":"https:\/\/247stiri.ro\/index.php\/wp-json\/wp\/v2\/media?parent=6622"}],"wp:term":[{"taxonomy":"category","embeddable":true,"href":"https:\/\/247stiri.ro\/index.php\/wp-json\/wp\/v2\/categories?post=6622"},{"taxonomy":"post_tag","embeddable":true,"href":"https:\/\/247stiri.ro\/index.php\/wp-json\/wp\/v2\/tags?post=6622"}],"curies":[{"name":"wp","href":"https:\/\/api.w.org\/{rel}","templated":true}]}}