{"id":6627,"date":"2024-11-12T13:45:36","date_gmt":"2024-11-12T13:45:36","guid":{"rendered":"https:\/\/247stiri.ro\/index.php\/2024\/11\/12\/scandal-intr-o-scoala-elevii-au-luat-crucile-de-pe-pereti-si-le-au-aruncat-pe-geam\/"},"modified":"2024-11-12T13:45:36","modified_gmt":"2024-11-12T13:45:36","slug":"scandal-intr-o-scoala-elevii-au-luat-crucile-de-pe-pereti-si-le-au-aruncat-pe-geam","status":"publish","type":"post","link":"https:\/\/247stiri.ro\/index.php\/2024\/11\/12\/scandal-intr-o-scoala-elevii-au-luat-crucile-de-pe-pereti-si-le-au-aruncat-pe-geam\/","title":{"rendered":"Scandal \u00eentr-o \u0219coal\u0103. Elevii au luat crucile de pe pere\u021bi \u0219i le-au aruncat pe geam"},"content":{"rendered":"<p>Potrivit publica\u021biei Il Giornale, \u00een timpul pauzei de la \u0219coala Parini, un grup de elevi \u00een v\u00e2rst\u0103 de 10 ani a scos dou\u0103 crucifixe din sala de religie, le-a spart \u0219i le-a aruncat pe fereastr\u0103, resturile obiectelor fiind g\u0103site pe trotuarul din fa\u021b\u0103, scrie <a href=\"https:\/\/www.stiridiaspora.ro\/scandal-intr-o-scoala-multiculturala-din-torino-elevii-au-luat-crucile-de-pe-pereti-si-le-au-aruncat-pe-geam_523098.html\" target=\"_blank\" rel=\"noopener\">stiridiaspora.<\/a><\/p>\n<p>Incidentul a r\u0103mas neobservat ini\u021bial \u0219i abia mai t\u00e2rziu, c\u00e2nd un profesor a g\u0103sit pe trotuarul din fa\u021b\u0103a \u0219colii \u0219i a realizat ce s-a \u00eent\u00e2mplat.<\/p>\n<p>Chema\u021bi s\u0103 dea explica\u021bii, copiii au afirmat c\u0103 inten\u021bia lor nu a fost de a ofensa religia cre\u0219tin\u0103 sau de a s\u0103v\u00e2r\u0219i un act sacrileg, ci a fost doar un gest teribilist.<\/p>\n<p>\u00cen urma incidentului, elevii vinova\u021bi au primit sanc\u021biuni menite s\u0103 le ofere o lec\u021bie de responsabilitate. \u00cen locul pauzei obi\u0219nuite, ace\u0219tia vor trebui s\u0103 \u00ee\u0219i petreac\u0103 timpul liber \u00een bibliotec\u0103, unde vor avea sarcina de a organiza c\u0103r\u021bile p\u00e2n\u0103 la finalul trimestrului.<\/p>\n<p>Profesorii au organizat o discu\u021bie cu clasa pentru a ajuta elevii s\u0103 reflecteze asupra importan\u021bei simbolurilor religioase \u0219i asupra respectului pe care acesta \u00eel presupune. \u00centreba\u021bi despre ac\u021biunile lor, elevii au explicat c. &#8211;&#8211;&#8211;&#8211;&#8211;&#8211;&#8211;&#8211;&#8211;&#8211;&#8211;&#8211;<\/p>","protected":false},"excerpt":{"rendered":"<p>Potrivit publica\u021biei Il Giornale, \u00een timpul pauzei de la \u0219coala Parini, un grup de elevi&hellip;<\/p>\n","protected":false},"author":0,"featured_media":0,"comment_status":"open","ping_status":"open","sticky":false,"template":"","format":"standard","meta":{"footnotes":""},"categories":[2],"tags":[],"class_list":["post-6627","post","type-post","status-publish","format-standard","hentry","category-actual"],"_links":{"self":[{"href":"https:\/\/247stiri.ro\/index.php\/wp-json\/wp\/v2\/posts\/6627","targetHints":{"allow":["GET"]}}],"collection":[{"href":"https:\/\/247stiri.ro\/index.php\/wp-json\/wp\/v2\/posts"}],"about":[{"href":"https:\/\/247stiri.ro\/index.php\/wp-json\/wp\/v2\/types\/post"}],"replies":[{"embeddable":true,"href":"https:\/\/247stiri.ro\/index.php\/wp-json\/wp\/v2\/comments?post=6627"}],"version-history":[{"count":0,"href":"https:\/\/247stiri.ro\/index.php\/wp-json\/wp\/v2\/posts\/6627\/revisions"}],"wp:attachment":[{"href":"https:\/\/247stiri.ro\/index.php\/wp-json\/wp\/v2\/media?parent=6627"}],"wp:term":[{"taxonomy":"category","embeddable":true,"href":"https:\/\/247stiri.ro\/index.php\/wp-json\/wp\/v2\/categories?post=6627"},{"taxonomy":"post_tag","embeddable":true,"href":"https:\/\/247stiri.ro\/index.php\/wp-json\/wp\/v2\/tags?post=6627"}],"curies":[{"name":"wp","href":"https:\/\/api.w.org\/{rel}","templated":true}]}}