{"id":6646,"date":"2024-11-12T14:45:47","date_gmt":"2024-11-12T14:45:47","guid":{"rendered":"https:\/\/247stiri.ro\/index.php\/2024\/11\/12\/nicusor-dan-binomul-psd-aur-este-o-amenintare-pentru-romania\/"},"modified":"2024-11-12T14:45:47","modified_gmt":"2024-11-12T14:45:47","slug":"nicusor-dan-binomul-psd-aur-este-o-amenintare-pentru-romania","status":"publish","type":"post","link":"https:\/\/247stiri.ro\/index.php\/2024\/11\/12\/nicusor-dan-binomul-psd-aur-este-o-amenintare-pentru-romania\/","title":{"rendered":"Nicu\u0219or Dan: \u201eBinomul PSD-AUR este o amenin\u021bare pentru Rom\u00e2nia\u201d"},"content":{"rendered":"<p>\u201cAm avut guvern\u0103ri de dreapta \u00een care Rom\u00e2nia a progresat. Acele progrese pe economie, pe statul de drept au fost f\u0103cute \u00een guvern\u0103ri liberale, \u00een guvern\u0103ri de dreapta. \u0218i momentele \u00een care Rom\u00e2nia a stagnat, ba chiar a regresat au fost \u00een guvern\u0103ri de st\u00e2nga. La fel, c\u00e2nd te ui\u021bi la cum sunt administrate localit\u0103\u021bile din Rom\u00e2nia de primari de dreapta, vezi c\u0103 acelea o duc cel mai bine. Sunt primari liberali de mare succes\u201c, a declarant Primarul General. \u00a0<\/p>\n<p>Acesta crede c\u0103 \u201cun pre\u0219edinte de \u021bar\u0103 trebuie s\u0103 fie o persoan\u0103 competent\u0103, cu exerci\u021biu pe func\u021bia public\u0103, echilibrat\u0103 pentru c\u0103 sunt decizii importante de luat \u00een care trebuie s\u0103 c\u00e2nt\u0103re\u0219ti din mai multe perspective \u0219i o persoan\u0103 curajoas\u0103 pentru c\u0103 orice act de reform\u0103 \u00eenseamn\u0103 s\u0103 ie\u0219i dintr-o rutin\u0103 \u0219i s\u0103 ri\u0219ti s\u0103 nemul\u021bume\u0219ti categorii de oameni \u0219i trebuie s\u0103-\u021bi asumi asta. Este important\u0103 viziunea, capacitatea de a lua decizii, de a asculta, \u021bine de leadership. \u201c \u00a0<\/p>\n<p>Binomul PSD \u2013 AUR este o amenin\u021bare real\u0103 pentru Nicu\u0219or Dan. Acesta spune c\u0103 pare c\u0103 este o strategie de a duce candidatul AUR \u00een turul 2, zice Nicu\u0219or Dan. Pentru Primarul General o guvernare \u00een jurul PSD nu va aduce lucruri bune \u00een justi\u021bie, de exemplu.\u00a0<\/p>\n<p>\u201cDac\u0103 ne uit\u0103m la domnul Hrebenciuc, acesta a fost condamnat penal. Important\u0103 e capacitatea partidelor de a asigura guvernarea statului de drept. PSD vine cu ni\u0219te umbre. (&#8230;) Eu cred c\u0103 oamenii sunt inteligen\u021bi. Chestiuni care \u021bin de integritate sunt importante pentru mul\u021bi\u201c, crede Nicu\u0219or Dan. \u00a0<\/p>\n<p>\u00cen leg\u0103tur\u0103 cu lehamitea aleg\u0103torilor care nu ar vrea s\u0103 ias\u0103 la vot, crede c\u0103 trebuie s\u0103 vot\u0103m con\u0219tien\u021bi \u0219i s\u0103 mergem s\u0103 vot\u0103m dac\u0103 nu op\u021biunea cea mai bun\u0103, m\u0103car op\u021biunea cea mai pu\u021bin rea. \u201cSunt lucruri de f\u0103cut \u0219i trebuie s\u0103 alegem o alternativ\u0103.\u201c\u00a0<\/p>\n<p>\u00cen leg\u0103tur\u0103 cu aceste alegeri parlamentare, Primarul General afirm\u0103: \u201eEu cred c\u0103 un guvern de st\u00e2nga, dup\u0103 alegeri, \u00eentr-un context economic foarte dificil, va afecta foarte grav economia din Rom\u00e2nia. Aia este teama mea principal\u0103.\u201d<\/p>","protected":false},"excerpt":{"rendered":"<p>\u201cAm avut guvern\u0103ri de dreapta \u00een care Rom\u00e2nia a progresat. Acele progrese pe economie, pe&hellip;<\/p>\n","protected":false},"author":0,"featured_media":6643,"comment_status":"open","ping_status":"open","sticky":false,"template":"","format":"standard","meta":{"footnotes":""},"categories":[2],"tags":[],"class_list":["post-6646","post","type-post","status-publish","format-standard","has-post-thumbnail","hentry","category-actual"],"_links":{"self":[{"href":"https:\/\/247stiri.ro\/index.php\/wp-json\/wp\/v2\/posts\/6646","targetHints":{"allow":["GET"]}}],"collection":[{"href":"https:\/\/247stiri.ro\/index.php\/wp-json\/wp\/v2\/posts"}],"about":[{"href":"https:\/\/247stiri.ro\/index.php\/wp-json\/wp\/v2\/types\/post"}],"replies":[{"embeddable":true,"href":"https:\/\/247stiri.ro\/index.php\/wp-json\/wp\/v2\/comments?post=6646"}],"version-history":[{"count":0,"href":"https:\/\/247stiri.ro\/index.php\/wp-json\/wp\/v2\/posts\/6646\/revisions"}],"wp:featuredmedia":[{"embeddable":true,"href":"https:\/\/247stiri.ro\/index.php\/wp-json\/wp\/v2\/media\/6643"}],"wp:attachment":[{"href":"https:\/\/247stiri.ro\/index.php\/wp-json\/wp\/v2\/media?parent=6646"}],"wp:term":[{"taxonomy":"category","embeddable":true,"href":"https:\/\/247stiri.ro\/index.php\/wp-json\/wp\/v2\/categories?post=6646"},{"taxonomy":"post_tag","embeddable":true,"href":"https:\/\/247stiri.ro\/index.php\/wp-json\/wp\/v2\/tags?post=6646"}],"curies":[{"name":"wp","href":"https:\/\/api.w.org\/{rel}","templated":true}]}}