{"id":6647,"date":"2024-11-12T14:45:47","date_gmt":"2024-11-12T14:45:47","guid":{"rendered":"https:\/\/247stiri.ro\/index.php\/2024\/11\/12\/cui-ii-ramane-averea-lasata-de-silviu-prigoana-afaceristul-a-strans-sume-uriase-de-bani\/"},"modified":"2024-11-12T14:45:47","modified_gmt":"2024-11-12T14:45:47","slug":"cui-ii-ramane-averea-lasata-de-silviu-prigoana-afaceristul-a-strans-sume-uriase-de-bani","status":"publish","type":"post","link":"https:\/\/247stiri.ro\/index.php\/2024\/11\/12\/cui-ii-ramane-averea-lasata-de-silviu-prigoana-afaceristul-a-strans-sume-uriase-de-bani\/","title":{"rendered":"Cui \u00eei r\u0103m\u00e2ne averea l\u0103sat\u0103 de Silviu Prigoan\u0103? Afaceristul  a str\u00e2ns sume uria\u0219e de bani"},"content":{"rendered":"<p>Prigoan\u0103 \u0219i-a \u00eemp\u0103r\u021bit deja bunurile, l\u0103s\u00e2ndu-le integral celor patru fii ai s\u0103i. Hot\u0103r\u00e2rea lui era ferm\u0103, iar fostei so\u021bii, Adriana Bahmu\u021beanu, i-a transmis c\u0103 nu va primi nimic. \u201eAm l\u0103sat totul copiilor. So\u021biei mele poate s\u0103-i lase mama \u0219i tata ei, nu eu,\u201d a declarat <a href=\"https:\/\/www.realitatea.net\/stiri\/actual\/de-ce-a-murit-silviu-prigoana-gestul-banal-care-ia-adus-sfarsitul-omului-de-afaceri_67335e55b9e70e2abc5f3806\" target=\"_blank\" rel=\"noopener\">Prigoan\u0103.<\/a><\/p>\n<p>Un personaj controversat, dar un om de afaceri de succes<\/p>\n<p>De-a lungul carierei sale, Silviu Prigoan\u0103 a fost deseori subiectul ironiilor publice, \u00een special din cauza propunerilor legislative considerate neobi\u0219nuite. Printre acestea se num\u0103r\u0103 idei precum transformarea Casei Poporului \u00eentr-un centru comercial, legalizarea prostitu\u021biei sau desfiin\u021barea unor canale ale televiziunii publice. \u00cen 2011, Alian\u021ba pentru o Rom\u00e2nie Curat\u0103 i-a acordat chiar premiul simbolic \u201ePericol legislativ \u00een ac\u021biune,\u201d subliniind astfel impactul ideilor sale neconven\u021bionale asupra societ\u0103\u021bii.<\/p>\n<p>Cu toate acestea, \u00een sfera de afaceri, Prigoan\u0103 s-a dovedit un om pragmatic, concentrat pe cre\u0219terea imperiului s\u0103u financiar. Averea sa cuprindea, \u00een momentul complet\u0103rii declara\u021biei de avere din 2011, participa\u021bii \u00een valoare de 4,5 milioane de lei la 14 companii \u0219i \u00eemprumuturi personale de 2,6 milioane de euro c\u0103tre alte 55 de firme. Pe l\u00e2ng\u0103 acestea, Prigoan\u0103 de\u021binea terenuri, case \u0219i apartamente, iar compania sa de salubritate, Rosal Grup, \u00eei aducea un venit lunar consistent din dividende.<\/p>\n<p>Decizia final\u0103 \u0219i precau\u021biile luate pentru a evita conflictele de mo\u0219tenire<\/p>\n<p>Dup\u0103 infarctul suferit, <a href=\"https:\/\/www.realitatea.net\/stiri\/actual\/a-murit-omul-de-afaceri-silviu-prigoana-vestea-a-venit-ca-un-soc_6733592d439dd82db6341872\" target=\"_blank\" rel=\"noopener\">Prigoan\u0103 a luat m\u0103suri<\/a> pentru ca averea sa s\u0103 fie \u00eemp\u0103r\u021bit\u0103 echitabil \u00eentre copiii s\u0103i. \u201eNu vreau ca, dup\u0103 ce nu voi mai fi, s\u0103 asist la dispute familiale, cum se \u00eent\u00e2mpl\u0103 \u00een cazul altor familii,\u201d a explicat Prigoan\u0103, referindu-se la numeroasele cazuri de conflicte de mo\u0219tenire care au captat aten\u021bia publicului. \u00cen plus, pentru a elimina orice dubiu cu privire la capacitatea sa de a lua aceste decizii, a ob\u021binut inclusiv o expertiz\u0103 psihiatric\u0103.<\/p>\n<p>Astfel, averea lui Silviu Prigoan\u0103 este deja alocat\u0103 celor patru fii ai s\u0103i, conform unei \u201econcesiuni\u201d legale, ceea ce \u00eei oferea lini\u0219tea c\u0103 decizia sa va fi respectat\u0103.<\/p>\n<p>Silviu Prigoan\u0103 a murit ast\u0103zi, la v\u00e2rsta de 60 de ani, dup\u0103 ce s-a \u00eenecat cu m\u00e2ncare. Acesta lua masa al\u0103turi de alte persoane \u00eentr-un restaurant de lux din Bra\u0219ov.<\/p>","protected":false},"excerpt":{"rendered":"<p>Prigoan\u0103 \u0219i-a \u00eemp\u0103r\u021bit deja bunurile, l\u0103s\u00e2ndu-le integral celor patru fii ai s\u0103i. Hot\u0103r\u00e2rea lui era&hellip;<\/p>\n","protected":false},"author":0,"featured_media":6648,"comment_status":"open","ping_status":"open","sticky":false,"template":"","format":"standard","meta":{"footnotes":""},"categories":[2],"tags":[],"class_list":["post-6647","post","type-post","status-publish","format-standard","has-post-thumbnail","hentry","category-actual"],"_links":{"self":[{"href":"https:\/\/247stiri.ro\/index.php\/wp-json\/wp\/v2\/posts\/6647","targetHints":{"allow":["GET"]}}],"collection":[{"href":"https:\/\/247stiri.ro\/index.php\/wp-json\/wp\/v2\/posts"}],"about":[{"href":"https:\/\/247stiri.ro\/index.php\/wp-json\/wp\/v2\/types\/post"}],"replies":[{"embeddable":true,"href":"https:\/\/247stiri.ro\/index.php\/wp-json\/wp\/v2\/comments?post=6647"}],"version-history":[{"count":0,"href":"https:\/\/247stiri.ro\/index.php\/wp-json\/wp\/v2\/posts\/6647\/revisions"}],"wp:featuredmedia":[{"embeddable":true,"href":"https:\/\/247stiri.ro\/index.php\/wp-json\/wp\/v2\/media\/6648"}],"wp:attachment":[{"href":"https:\/\/247stiri.ro\/index.php\/wp-json\/wp\/v2\/media?parent=6647"}],"wp:term":[{"taxonomy":"category","embeddable":true,"href":"https:\/\/247stiri.ro\/index.php\/wp-json\/wp\/v2\/categories?post=6647"},{"taxonomy":"post_tag","embeddable":true,"href":"https:\/\/247stiri.ro\/index.php\/wp-json\/wp\/v2\/tags?post=6647"}],"curies":[{"name":"wp","href":"https:\/\/api.w.org\/{rel}","templated":true}]}}