{"id":6649,"date":"2024-11-12T14:45:47","date_gmt":"2024-11-12T14:45:47","guid":{"rendered":"https:\/\/247stiri.ro\/index.php\/2024\/11\/12\/cum-a-murit-omul-de-afaceri-silviu-prigoana-in-statiunea-bran-precizarile-oficiale-ale-i-p-j-brasov\/"},"modified":"2024-11-12T14:45:47","modified_gmt":"2024-11-12T14:45:47","slug":"cum-a-murit-omul-de-afaceri-silviu-prigoana-in-statiunea-bran-precizarile-oficiale-ale-i-p-j-brasov","status":"publish","type":"post","link":"https:\/\/247stiri.ro\/index.php\/2024\/11\/12\/cum-a-murit-omul-de-afaceri-silviu-prigoana-in-statiunea-bran-precizarile-oficiale-ale-i-p-j-brasov\/","title":{"rendered":"Cum a murit omul de afaceri Silviu Prigoan\u0103 \u00een Sta\u021biunea Bran: Preciz\u0103rile oficiale ale I.P.J. Bra\u0219ov"},"content":{"rendered":"<p>Potrivit I.P.J. Bra\u0219ov, \u00een urma sesiz\u0103rii, la fa\u021ba locului a fost solicitat de urgen\u021b\u0103 un echipaj medical. Medicii sosi\u021bi au \u00eenceput imediat manevrele de resuscitare, \u00eens\u0103 eforturile lor nu au reu\u0219it s\u0103 \u00eei salveze via\u021ba, fiind declarat decesul b\u0103rbatului la scurt timp dup\u0103 sosirea echipei de prim-ajutor.<\/p>\n<p>\u201e\u00cen aceast\u0103 dupa-amiaz\u0103, poli\u021bi\u0219tii din cadrul Poli\u021biei Sta\u021biunii Bran au fost sesiszati cu privire la faptul c\u0103, \u00een timp ce o persoan\u0103, de 60 de ani, lua masa \u00eempreun\u0103 cu alte persoane, la un restaurant din Sta\u021biunea Bran, a resim\u021bit o stare de r\u0103u, fapt pentru care a fost solicitat sprijin de specialitate.<\/p>\n<p>Echipajul medical sosit la fa\u021ba locului a \u00eentreprins procedurile de resuscitare, \u00eens\u0103, \u00a0\u00een pofida tuturor manevrelor, a fost declarat decesul b\u0103rbatului.<\/p>\n<p>\u00cen cauz\u0103, la acest moment, se desf\u0103soar\u0103 actvit\u0103\u021bile specifice de cercetare, sub coordonarea procurorului de caz din cadrul unit\u0103tii de parchet competente\u201d, a transmis IPJ Bra\u0219ov.<\/p>\n<p><a href=\"https:\/\/www.realitatea.net\/stiri\/actual\/a-murit-omul-de-afaceri-silviu-prigoana-vestea-a-venit-ca-un-soc_6733592d439dd82db6341872\" target=\"_blank\" rel=\"noopener\">A murit omul de afaceri Silviu Prigoan\u0103. Anca Alexandrescu, \u00een stare de \u0219oc: Pl\u00e2ng! Asear\u0103 mi-a dat mesaje s\u0103 m\u0103 felicite<\/a><\/p>","protected":false},"excerpt":{"rendered":"<p>Potrivit I.P.J. Bra\u0219ov, \u00een urma sesiz\u0103rii, la fa\u021ba locului a fost solicitat de urgen\u021b\u0103 un&hellip;<\/p>\n","protected":false},"author":0,"featured_media":6650,"comment_status":"open","ping_status":"open","sticky":false,"template":"","format":"standard","meta":{"footnotes":""},"categories":[2],"tags":[],"class_list":["post-6649","post","type-post","status-publish","format-standard","has-post-thumbnail","hentry","category-actual"],"_links":{"self":[{"href":"https:\/\/247stiri.ro\/index.php\/wp-json\/wp\/v2\/posts\/6649","targetHints":{"allow":["GET"]}}],"collection":[{"href":"https:\/\/247stiri.ro\/index.php\/wp-json\/wp\/v2\/posts"}],"about":[{"href":"https:\/\/247stiri.ro\/index.php\/wp-json\/wp\/v2\/types\/post"}],"replies":[{"embeddable":true,"href":"https:\/\/247stiri.ro\/index.php\/wp-json\/wp\/v2\/comments?post=6649"}],"version-history":[{"count":0,"href":"https:\/\/247stiri.ro\/index.php\/wp-json\/wp\/v2\/posts\/6649\/revisions"}],"wp:featuredmedia":[{"embeddable":true,"href":"https:\/\/247stiri.ro\/index.php\/wp-json\/wp\/v2\/media\/6650"}],"wp:attachment":[{"href":"https:\/\/247stiri.ro\/index.php\/wp-json\/wp\/v2\/media?parent=6649"}],"wp:term":[{"taxonomy":"category","embeddable":true,"href":"https:\/\/247stiri.ro\/index.php\/wp-json\/wp\/v2\/categories?post=6649"},{"taxonomy":"post_tag","embeddable":true,"href":"https:\/\/247stiri.ro\/index.php\/wp-json\/wp\/v2\/tags?post=6649"}],"curies":[{"name":"wp","href":"https:\/\/api.w.org\/{rel}","templated":true}]}}