{"id":6651,"date":"2024-11-12T14:45:47","date_gmt":"2024-11-12T14:45:47","guid":{"rendered":"https:\/\/247stiri.ro\/index.php\/2024\/11\/12\/a-murit-silviu-prigoana-robert-turcescu-nu-pot-sa-cred-sunt-in-stare-de-soc-mircea-dinescu-am-fost-ca-fratii-la-un-moment-dat\/"},"modified":"2024-11-12T14:45:47","modified_gmt":"2024-11-12T14:45:47","slug":"a-murit-silviu-prigoana-robert-turcescu-nu-pot-sa-cred-sunt-in-stare-de-soc-mircea-dinescu-am-fost-ca-fratii-la-un-moment-dat","status":"publish","type":"post","link":"https:\/\/247stiri.ro\/index.php\/2024\/11\/12\/a-murit-silviu-prigoana-robert-turcescu-nu-pot-sa-cred-sunt-in-stare-de-soc-mircea-dinescu-am-fost-ca-fratii-la-un-moment-dat\/","title":{"rendered":"A murit Silviu Prigoana! Robert Turcescu: Nu pot s\u0103 cred, sunt \u00een stare de \u0219oc. Mircea Dinescu: Am fost ca fra\u021bii, la un moment dat"},"content":{"rendered":"<p>&#8222;Nici acum nu-mi vine s\u0103 cred, mai ales s\u0103 moar\u0103 \u00een felul acesta. Nu-mi vine s\u0103 cred c\u0103 acolo nu era un chelner, cineva din personal, care s\u0103 \u0219tie s\u0103 fac\u0103 o manevr\u0103 Heimlich eficient\u0103. Sunt \u00een stare de \u0219oc, este un om pe care l-am cunoscut foarte bine, putem spune c\u0103 am fondat Realitatea TV, pur \u0219i simplu nu-mi vine s\u0103 cred&#8221;, a afirmat Robert Turcescu, fost realizator emisiunii &#8222;100%&#8221; la Realitatea TV.<\/p>\n<p>\u0218i poetul Mircea Dinescu, unul dintre primii realizatori au noului post TV Realitatea, s-a declarat \u0219ocat de veste.<\/p>\n<p><a href=\"https:\/\/www.realitatea.net\/stiri\/actual\/de-ce-a-murit-silviu-prigoana-gestul-banal-care-ia-adus-sfarsitul-omului-de-afaceri_67335e55b9e70e2abc5f3806\" target=\"_blank\" rel=\"noopener\">De ce a murit Silviu Prigoan\u0103? Gestul banal care i-a adus SF\u00c2R\u0218ITUL omului de afaceri<\/a><\/p>\n<p>&#8222;A fost un \u0219oc, am fost cu Prigoan\u0103 ca un frate. A venit la mine la u\u0219\u0103 s\u0103-mi spun\u0103 c\u0103 el vrea s\u0103 fac\u0103 o televiziune. Eu am r\u00e2s \u0219i l-am \u00eentrebat \u0219i mi-a zis c\u0103 are o firm\u0103 de gunoi. AM r\u00e2s \u0219i l-am refuzat. A venit de 3 ori \u0219i ultima dat\u0103 mi-a promis c\u0103 \u00eemi d\u0103 5% din firma de gunoi, 5% din afacerea cu gunoaie \u0219i 20% din Etno, care nici nu exista atunci. (..)\u00a0Avea sim\u021bul ironiei si autoironiei foarte dezvoltat. Pro\u0219tii se laud\u0103 singuri. (&#8230;)\u00a0Am f\u0103cut revelioane \u00eempreun\u0103, am f\u0103cut emisiuni, p\u00e2n\u0103 l-a speriat Adrian N\u0103stase. Am dat \u00eenapoi ca idiotul toate ac\u021biunile alea, nu m-am sup\u0103rat pe el, nici el pe mine&#8221;, a declarat Mircea Dinescu, \u0219i el realizator de emisiuni la Realitatea TV, la \u00eenceputul anilor 2000.\u00a0<\/p>","protected":false},"excerpt":{"rendered":"<p>&#8222;Nici acum nu-mi vine s\u0103 cred, mai ales s\u0103 moar\u0103 \u00een felul acesta. Nu-mi vine&hellip;<\/p>\n","protected":false},"author":0,"featured_media":6652,"comment_status":"open","ping_status":"open","sticky":false,"template":"","format":"standard","meta":{"footnotes":""},"categories":[2],"tags":[],"class_list":["post-6651","post","type-post","status-publish","format-standard","has-post-thumbnail","hentry","category-actual"],"_links":{"self":[{"href":"https:\/\/247stiri.ro\/index.php\/wp-json\/wp\/v2\/posts\/6651","targetHints":{"allow":["GET"]}}],"collection":[{"href":"https:\/\/247stiri.ro\/index.php\/wp-json\/wp\/v2\/posts"}],"about":[{"href":"https:\/\/247stiri.ro\/index.php\/wp-json\/wp\/v2\/types\/post"}],"replies":[{"embeddable":true,"href":"https:\/\/247stiri.ro\/index.php\/wp-json\/wp\/v2\/comments?post=6651"}],"version-history":[{"count":0,"href":"https:\/\/247stiri.ro\/index.php\/wp-json\/wp\/v2\/posts\/6651\/revisions"}],"wp:featuredmedia":[{"embeddable":true,"href":"https:\/\/247stiri.ro\/index.php\/wp-json\/wp\/v2\/media\/6652"}],"wp:attachment":[{"href":"https:\/\/247stiri.ro\/index.php\/wp-json\/wp\/v2\/media?parent=6651"}],"wp:term":[{"taxonomy":"category","embeddable":true,"href":"https:\/\/247stiri.ro\/index.php\/wp-json\/wp\/v2\/categories?post=6651"},{"taxonomy":"post_tag","embeddable":true,"href":"https:\/\/247stiri.ro\/index.php\/wp-json\/wp\/v2\/tags?post=6651"}],"curies":[{"name":"wp","href":"https:\/\/api.w.org\/{rel}","templated":true}]}}