{"id":6655,"date":"2024-11-12T14:45:48","date_gmt":"2024-11-12T14:45:48","guid":{"rendered":"https:\/\/247stiri.ro\/index.php\/2024\/11\/12\/cautari-de-amploare-in-muntii-maramures-tanar-ucrainean-dat-disparut-cautat-de-salvamontisti-si-politisti-de-frontiera\/"},"modified":"2024-11-12T14:45:48","modified_gmt":"2024-11-12T14:45:48","slug":"cautari-de-amploare-in-muntii-maramures-tanar-ucrainean-dat-disparut-cautat-de-salvamontisti-si-politisti-de-frontiera","status":"publish","type":"post","link":"https:\/\/247stiri.ro\/index.php\/2024\/11\/12\/cautari-de-amploare-in-muntii-maramures-tanar-ucrainean-dat-disparut-cautat-de-salvamontisti-si-politisti-de-frontiera\/","title":{"rendered":"C\u0103ut\u0103ri de amploare \u00een Mun\u021bii Maramure\u0219: T\u00e2n\u0103r ucrainean dat disp\u0103rut, c\u0103utat de salvamonti\u0219ti \u0219i poli\u021bi\u0219ti de frontier\u0103"},"content":{"rendered":"<p>Ce au transmis autorit\u0103\u021bile<\/p>\n<p><a href=\"https:\/\/www.realitatea.net\/stiri\/ultimele-stiri\/alerta-disparitie-minora-raluca-are-16-ani-si-este-de-negasit_673324a1176d9b68226d88f2\" target=\"_blank\" rel=\"noopener\">Ac\u021biunea de c\u0103utare<\/a> se desf\u0103\u0219oar\u0103 \u00een zona Criva din Mun\u021bii Maramure\u0219, dup\u0103 ce t\u00e2n\u0103rul de 29 de ani nu a mai putut fi contactat de luni, ora 14:00. Alerta a fost dat\u0103 de tat\u0103l s\u0103u, aflat \u00een Rom\u00e2nia, iar mama sa, r\u0103mas\u0103 \u00een Ucraina, a furnizat informa\u021bii vagi despre posibila loca\u021bie a fiului s\u0103u.<\/p>\n<p>\u201eDin p\u0103cate, t\u00e2n\u0103rul nu are semnal la telefon \u0219i nu a sunat la 112 pentru a putea fi localizat, iar starea sa de s\u0103n\u0103tate ridic\u0103 \u00eengrijor\u0103ri \u00een acest context,\u201d a precizat Dan Benga. Condi\u021biile meteo din Mun\u021bii Maramure\u0219 sunt dificile, cu temperaturi sub zero grade \u0219i cea\u021b\u0103 deas\u0103, care face ca temperatura resim\u021bit\u0103 s\u0103 fie \u0219i mai sc\u0103zut\u0103.<\/p>\n<p><a href=\"https:\/\/www.realitatea.net\/stiri\/actual\/doua-romance-isi-cauta-parintii-disparuti-in-urma-inundatiilor-din-valencia-am-gasit-pijamaua-tatalui-si-bluza-mamei_6731ef94657dd0525c2deabd\" target=\"_blank\" rel=\"noopener\">Pentru a eficientiza c\u0103ut\u0103rile<\/a>, echipele de salvare vor folosi o dron\u0103 cu termoviziune pe v\u0103ile din zon\u0103, \u00een speran\u021ba de a identifica urme ale t\u00e2n\u0103rului. \u00cen func\u021bie de datele colectate de dron\u0103, echipe de suport vor fi trimise pe teren. Opera\u021biunea este sprijinit\u0103 \u0219i de un echipaj al Poli\u021biei de Frontier\u0103 din Valea Vi\u015feului, care face parte din ITPF Sighetu Marma\u021biei.<\/p>","protected":false},"excerpt":{"rendered":"<p>Ce au transmis autorit\u0103\u021bile Ac\u021biunea de c\u0103utare se desf\u0103\u0219oar\u0103 \u00een zona Criva din Mun\u021bii Maramure\u0219,&hellip;<\/p>\n","protected":false},"author":0,"featured_media":6656,"comment_status":"open","ping_status":"open","sticky":false,"template":"","format":"standard","meta":{"footnotes":""},"categories":[2],"tags":[],"class_list":["post-6655","post","type-post","status-publish","format-standard","has-post-thumbnail","hentry","category-actual"],"_links":{"self":[{"href":"https:\/\/247stiri.ro\/index.php\/wp-json\/wp\/v2\/posts\/6655","targetHints":{"allow":["GET"]}}],"collection":[{"href":"https:\/\/247stiri.ro\/index.php\/wp-json\/wp\/v2\/posts"}],"about":[{"href":"https:\/\/247stiri.ro\/index.php\/wp-json\/wp\/v2\/types\/post"}],"replies":[{"embeddable":true,"href":"https:\/\/247stiri.ro\/index.php\/wp-json\/wp\/v2\/comments?post=6655"}],"version-history":[{"count":0,"href":"https:\/\/247stiri.ro\/index.php\/wp-json\/wp\/v2\/posts\/6655\/revisions"}],"wp:featuredmedia":[{"embeddable":true,"href":"https:\/\/247stiri.ro\/index.php\/wp-json\/wp\/v2\/media\/6656"}],"wp:attachment":[{"href":"https:\/\/247stiri.ro\/index.php\/wp-json\/wp\/v2\/media?parent=6655"}],"wp:term":[{"taxonomy":"category","embeddable":true,"href":"https:\/\/247stiri.ro\/index.php\/wp-json\/wp\/v2\/categories?post=6655"},{"taxonomy":"post_tag","embeddable":true,"href":"https:\/\/247stiri.ro\/index.php\/wp-json\/wp\/v2\/tags?post=6655"}],"curies":[{"name":"wp","href":"https:\/\/api.w.org\/{rel}","templated":true}]}}