{"id":6657,"date":"2024-11-12T14:45:48","date_gmt":"2024-11-12T14:45:48","guid":{"rendered":"https:\/\/247stiri.ro\/index.php\/2024\/11\/12\/investitiile-record-ale-psd-in-noua-autostrada-a7-dezvolta-deja-moldova-primele-semne-in-turism-si-noi-locuri-de-munca\/"},"modified":"2024-11-12T14:45:48","modified_gmt":"2024-11-12T14:45:48","slug":"investitiile-record-ale-psd-in-noua-autostrada-a7-dezvolta-deja-moldova-primele-semne-in-turism-si-noi-locuri-de-munca","status":"publish","type":"post","link":"https:\/\/247stiri.ro\/index.php\/2024\/11\/12\/investitiile-record-ale-psd-in-noua-autostrada-a7-dezvolta-deja-moldova-primele-semne-in-turism-si-noi-locuri-de-munca\/","title":{"rendered":"Investi\u021biile-record ale PSD \u00een noua Autostrad\u0103 A7 dezvolt\u0103 deja Moldova. Primele semne, \u00een turism \u0219i noi locuri de munc\u0103"},"content":{"rendered":"<p>Noul drum rapid reduce distan\u021bele \u0219i cre\u0219te afacerile<\/p>\n<p>Finalizarea primelor loturi din Autostrada A7 p\u00e2n\u0103 la sf\u00e2r\u0219itul anului marcheaz\u0103 o schimbare major\u0103 pentru Moldova, reduc\u00e2nd timpul de c\u0103l\u0103torie \u00eentre Bucure\u0219ti \u0219i Gura Humorului la aproximativ 4 ore, de la 7-8 \u00een prezent. Aceast\u0103 infrastructur\u0103 modernizat\u0103 va facilita nu doar transportul de m\u0103rfuri, ci va sprijini dezvoltarea afacerilor de-a lungul traseului \u0219i va atrage investitori, oferind companiilor din Moldova conexiuni mai sigure \u0219i mai rapide cu restul \u021b\u0103rii.<\/p>\n<p>Bucovina, posibila noua Valea Prahovei a Moldovei<\/p>\n<p>Operatorii de turism estimeaz\u0103 c\u0103 Autostrada A7 va cre\u0219te accesibilitatea c\u0103tre destina\u021biile turistice din Moldova, \u00een special Bucovina, o regiune cu poten\u021bial natural \u0219i cultural remarcabil \u0219i are poten\u021bialul de a deveni o alternativ\u0103 la Valea Prahovei, mai ales pentru bucure\u0219teni.<\/p>\n<p>Aceast\u0103 cre\u0219tere a turismului va stimula economia local\u0103, gener\u00e2nd venituri mai mari pentru afaceri \u0219i sus\u021bin\u00e2nd dezvoltarea sectorului de evenimente \u0219i c\u0103l\u0103torii de afaceri, contribuind astfel la diversificarea economic\u0103 a regiunii.<\/p>\n<p>Stabilitate economic\u0103 \u0219i locuri de munc\u0103<\/p>\n<p>Impactul Autostr\u0103zii A7 se va resim\u021bi nu doar \u00een comer\u021b \u0219i turism, ci \u0219i \u00een stabilizarea locurilor de munc\u0103 \u00een regiune. Prin crearea de noi locuri de munc\u0103 \u0219i prin stimularea economiei locale, autostrada are \u0219i mari \u0219anse de a reduce migra\u021bia for\u021bei de munc\u0103 din Moldova at\u00e2t c\u0103tre restul Rom\u00e2niei, c\u00e2t \u0219i \u00een str\u0103in\u0103tate.<\/p>\n<p>Accesul facil la pie\u021be \u0219i crearea unei infrastructuri stabile sunt factori esen\u021biali pentru o economie sustenabil\u0103. Autostrada A7 este un proiect strategic pentru Guvernul Ciolacu, contribuind la securitatea economic\u0103 \u0219i dezvoltarea pe termen lung a regiunii Moldovei.<\/p>\n<p>130 km din A7, inaugura\u021bi \u00een acest an<\/p>\n<p>Guvernul Ciolacu a inaugurat la 7 noiembrie primii 11 km ai A7, proiect finan\u021bat prin PNRR, marc\u00e2nd un pas important \u00een modernizarea infrastructurii din Rom\u00e2nia. P\u00e2n\u0103 la sf\u00e2r\u0219itul anului, vor fi finaliza\u021bi 130 km, oferind noi oportunit\u0103\u021bi economice regiunii. Premierul Ciolacu subliniaz\u0103 c\u0103 proiectele de infrastructur\u0103 \u0219i reindustrializare sunt esen\u021biale pentru dezvoltarea Moldovei \u0219i a \u00eentregii \u021b\u0103ri.<\/p>\n<p>\u201eE pentru prima oar\u0103 c\u00e2nd se face dreptate \u00een Moldova. Dup\u0103 30 de ani, \u00een sf\u00e2r\u0219it, vorbim de investi\u021bii evidente at\u00e2t \u00een infrastructur\u0103. (\u2026) \u00cen momentul \u00een care ai autostr\u0103zi, ai eficien\u021b\u0103, ai competitivitate automat \u0219i sunt ferm convins c\u0103 viitoarea provocare vor fi \u00eenc\u0103rc\u0103rile \u0219i desc\u0103rc\u0103rile de pe autostrad\u0103, unde vor veni, cum e normal, investi\u021bii, investi\u021bii \u00een zona privat\u0103\u201d, a declarat premierul Ciolacu.<\/p>\n<p>PSD \u0219i Marcel Ciolacu au demonstrat c\u0103 sunt cei care cresc veniturile rom\u00e2nilor, salariul minim \u0219i pensiile. Calea sigur\u0103 pentru Rom\u00e2nia trebuie s\u0103 con\u021bin\u0103 reindustrializarea economiei na\u021bionale \u0219i finalizarea autostr\u0103zilor, oferind \u00een acela\u0219i timp tuturor rom\u00e2nilor, din \u021bar\u0103 \u0219i din diaspora, acces egal la s\u0103n\u0103tate \u0219i educa\u021bie \u0219i un program na\u021bional de protejare a tinerilor de droguri.<\/p>\n<p>CMF 31240010<\/p>","protected":false},"excerpt":{"rendered":"<p>Noul drum rapid reduce distan\u021bele \u0219i cre\u0219te afacerile Finalizarea primelor loturi din Autostrada A7 p\u00e2n\u0103&hellip;<\/p>\n","protected":false},"author":0,"featured_media":6645,"comment_status":"open","ping_status":"open","sticky":false,"template":"","format":"standard","meta":{"footnotes":""},"categories":[2],"tags":[],"class_list":["post-6657","post","type-post","status-publish","format-standard","has-post-thumbnail","hentry","category-actual"],"_links":{"self":[{"href":"https:\/\/247stiri.ro\/index.php\/wp-json\/wp\/v2\/posts\/6657","targetHints":{"allow":["GET"]}}],"collection":[{"href":"https:\/\/247stiri.ro\/index.php\/wp-json\/wp\/v2\/posts"}],"about":[{"href":"https:\/\/247stiri.ro\/index.php\/wp-json\/wp\/v2\/types\/post"}],"replies":[{"embeddable":true,"href":"https:\/\/247stiri.ro\/index.php\/wp-json\/wp\/v2\/comments?post=6657"}],"version-history":[{"count":0,"href":"https:\/\/247stiri.ro\/index.php\/wp-json\/wp\/v2\/posts\/6657\/revisions"}],"wp:featuredmedia":[{"embeddable":true,"href":"https:\/\/247stiri.ro\/index.php\/wp-json\/wp\/v2\/media\/6645"}],"wp:attachment":[{"href":"https:\/\/247stiri.ro\/index.php\/wp-json\/wp\/v2\/media?parent=6657"}],"wp:term":[{"taxonomy":"category","embeddable":true,"href":"https:\/\/247stiri.ro\/index.php\/wp-json\/wp\/v2\/categories?post=6657"},{"taxonomy":"post_tag","embeddable":true,"href":"https:\/\/247stiri.ro\/index.php\/wp-json\/wp\/v2\/tags?post=6657"}],"curies":[{"name":"wp","href":"https:\/\/api.w.org\/{rel}","templated":true}]}}