{"id":6672,"date":"2024-11-12T15:51:03","date_gmt":"2024-11-12T15:51:03","guid":{"rendered":"https:\/\/247stiri.ro\/index.php\/2024\/11\/12\/detalii-mai-putin-stiute-din-viata-lui-silviu-prigoana-accidentul-care-i-a-cauzat-amputarea-piciorului\/"},"modified":"2024-11-12T15:51:03","modified_gmt":"2024-11-12T15:51:03","slug":"detalii-mai-putin-stiute-din-viata-lui-silviu-prigoana-accidentul-care-i-a-cauzat-amputarea-piciorului","status":"publish","type":"post","link":"https:\/\/247stiri.ro\/index.php\/2024\/11\/12\/detalii-mai-putin-stiute-din-viata-lui-silviu-prigoana-accidentul-care-i-a-cauzat-amputarea-piciorului\/","title":{"rendered":"Detalii mai pu\u021bin \u0219tiute din via\u021ba lui Silviu Prigoan\u0103. Accidentul care i-a cauzat amputarea piciorului"},"content":{"rendered":"<p>Accidentul care i-a cauzat amputarea piciorului<\/p>\n<p>\u00cen 1984, la doar 22 de ani, Silviu Prigoan\u0103 a avut parte de un accident grav \u00een timpul serviciului. Lucra ca frigotehnist \u00eentr-o fabric\u0103 din Gherla, c\u00e2nd s-a rupt un gr\u0103tar \u0219i a c\u0103zut \u00eentr-o ma\u0219in\u0103 de tocat, care i-a sec\u021bionat piciorul.<\/p>\n<p>\u201eLucram la o fabric\u0103 din Gherla, eram frigotehnist. \u00centr-o zi s-a rupt un gr\u0103tar \u0219i am c\u0103zut \u00eentr-o ma\u0219in\u0103 de tocat, care mi-a t\u0103iat piciorul.\u201d<\/p>\n<p>Urmeaz\u0103 o perioad\u0103 grea pentru t\u00e2n\u0103rul Prigoan\u0103. A fost internat \u00een spital \u0219i a suferit trei interven\u021bii chirurgicale, \u00een \u00eencercarea medicilor de a-i salva membrul. Din p\u0103cate, piciorul s-a cangrenat \u0219i, \u00een cele din urm\u0103, a fost nevoit s\u0103 accepte amputarea.<\/p>\n<p>\u201eDup\u0103 aceea am vrut s\u0103 m\u0103 pensionez pe caz de boal\u0103. Eram doar dup\u0103 vreo doi ani de munc\u0103 \u0219i voiau s\u0103-mi dea o pensie de 500 de lei pe lun\u0103. Eu am stat \u00eens\u0103 trei luni \u00een concediu medical \u0219i apoi m-am \u00eentors.\u201d<\/p>","protected":false},"excerpt":{"rendered":"<p>Accidentul care i-a cauzat amputarea piciorului \u00cen 1984, la doar 22 de ani, Silviu Prigoan\u0103&hellip;<\/p>\n","protected":false},"author":0,"featured_media":6661,"comment_status":"open","ping_status":"open","sticky":false,"template":"","format":"standard","meta":{"footnotes":""},"categories":[2],"tags":[],"class_list":["post-6672","post","type-post","status-publish","format-standard","has-post-thumbnail","hentry","category-actual"],"_links":{"self":[{"href":"https:\/\/247stiri.ro\/index.php\/wp-json\/wp\/v2\/posts\/6672","targetHints":{"allow":["GET"]}}],"collection":[{"href":"https:\/\/247stiri.ro\/index.php\/wp-json\/wp\/v2\/posts"}],"about":[{"href":"https:\/\/247stiri.ro\/index.php\/wp-json\/wp\/v2\/types\/post"}],"replies":[{"embeddable":true,"href":"https:\/\/247stiri.ro\/index.php\/wp-json\/wp\/v2\/comments?post=6672"}],"version-history":[{"count":0,"href":"https:\/\/247stiri.ro\/index.php\/wp-json\/wp\/v2\/posts\/6672\/revisions"}],"wp:featuredmedia":[{"embeddable":true,"href":"https:\/\/247stiri.ro\/index.php\/wp-json\/wp\/v2\/media\/6661"}],"wp:attachment":[{"href":"https:\/\/247stiri.ro\/index.php\/wp-json\/wp\/v2\/media?parent=6672"}],"wp:term":[{"taxonomy":"category","embeddable":true,"href":"https:\/\/247stiri.ro\/index.php\/wp-json\/wp\/v2\/categories?post=6672"},{"taxonomy":"post_tag","embeddable":true,"href":"https:\/\/247stiri.ro\/index.php\/wp-json\/wp\/v2\/tags?post=6672"}],"curies":[{"name":"wp","href":"https:\/\/api.w.org\/{rel}","templated":true}]}}