{"id":6674,"date":"2024-11-12T15:51:03","date_gmt":"2024-11-12T15:51:03","guid":{"rendered":"https:\/\/247stiri.ro\/index.php\/2024\/11\/12\/ministrul-energiei-urmeaza-sa-semneze-cel-mai-important-proiect-pentru-sectorul-energetic-romanesc\/"},"modified":"2024-11-12T15:51:03","modified_gmt":"2024-11-12T15:51:03","slug":"ministrul-energiei-urmeaza-sa-semneze-cel-mai-important-proiect-pentru-sectorul-energetic-romanesc","status":"publish","type":"post","link":"https:\/\/247stiri.ro\/index.php\/2024\/11\/12\/ministrul-energiei-urmeaza-sa-semneze-cel-mai-important-proiect-pentru-sectorul-energetic-romanesc\/","title":{"rendered":"Ministrul Energiei urmeaz\u0103 s\u0103 semneze cel mai important proiect pentru sectorul energetic rom\u00e2nesc"},"content":{"rendered":"<p>\u201eSunt aici la cel mai important eveniment anual pentru energie \u015fi clim\u0103. Este o reuniune la care din toat\u0103 lumea au venit peste 40.000 de oameni \u015fi aici am vrut s\u0103 le transmit tuturor mesajul Rom\u00e2niei. Mesajul Rom\u00e2niei este c\u0103 scriem istorie \u00een energie.<\/p>\n<p>Avem investi\u0163ii de peste 13 miliarde de euro fonduri nerambursabile \u00een ultimul an \u015fi jum\u0103tate, avem peste 10.000 de MW \u00een solar \u015fi eolian, proiecte noi, avem 3.500 de MW \u00een grupuri pe gaz, suntem cel mai mare produc\u0103tor de gaze din Uniunea European\u0103 \u015fi \u00een 2027 ne vom dubla produc\u0163ia prin Neptun Deep, avem un program nuclear civil ambi\u0163ios \u015fi care nu depinde \u00een niciun fel de Federa\u0163ia Rus\u0103, este cu tehnologie occidental\u0103, \u015fi ne preg\u0103tim de semnarea celui mai important proiect pentru sectorul energetic rom\u00e2nesc, reactoarele 3 \u015fi 4.<\/p>\n<p>\u015ei asta se va \u00eent\u00e2mpla s\u0103pt\u0103m\u00e2na aceasta, chiar aici la Baku. V\u0103 \u0163in la curent. Vreau s\u0103 fi\u0163i cu fruntea sus \u015fi s\u0103 fim cu fruntea sus \u00een fa\u0163a \u00eentregii lumi pentru c\u0103 avem cu ce \u015fi avem cu cine\u201d, a transmis Sebastian Burduja, pe re\u0163eaua de socializare.<\/p>\n<p>Ministrul Energiei particip\u0103 la cea de-a 29-a Conferin\u0163\u0103 a Organiza\u0163iei Na\u0163iunilor Unite ONU privind schimb\u0103rile climatice (COP29) de la Baku, Azerbaidjan.<\/p>","protected":false},"excerpt":{"rendered":"<p>\u201eSunt aici la cel mai important eveniment anual pentru energie \u015fi clim\u0103. Este o reuniune&hellip;<\/p>\n","protected":false},"author":0,"featured_media":6675,"comment_status":"open","ping_status":"open","sticky":false,"template":"","format":"standard","meta":{"footnotes":""},"categories":[2],"tags":[],"class_list":["post-6674","post","type-post","status-publish","format-standard","has-post-thumbnail","hentry","category-actual"],"_links":{"self":[{"href":"https:\/\/247stiri.ro\/index.php\/wp-json\/wp\/v2\/posts\/6674","targetHints":{"allow":["GET"]}}],"collection":[{"href":"https:\/\/247stiri.ro\/index.php\/wp-json\/wp\/v2\/posts"}],"about":[{"href":"https:\/\/247stiri.ro\/index.php\/wp-json\/wp\/v2\/types\/post"}],"replies":[{"embeddable":true,"href":"https:\/\/247stiri.ro\/index.php\/wp-json\/wp\/v2\/comments?post=6674"}],"version-history":[{"count":0,"href":"https:\/\/247stiri.ro\/index.php\/wp-json\/wp\/v2\/posts\/6674\/revisions"}],"wp:featuredmedia":[{"embeddable":true,"href":"https:\/\/247stiri.ro\/index.php\/wp-json\/wp\/v2\/media\/6675"}],"wp:attachment":[{"href":"https:\/\/247stiri.ro\/index.php\/wp-json\/wp\/v2\/media?parent=6674"}],"wp:term":[{"taxonomy":"category","embeddable":true,"href":"https:\/\/247stiri.ro\/index.php\/wp-json\/wp\/v2\/categories?post=6674"},{"taxonomy":"post_tag","embeddable":true,"href":"https:\/\/247stiri.ro\/index.php\/wp-json\/wp\/v2\/tags?post=6674"}],"curies":[{"name":"wp","href":"https:\/\/api.w.org\/{rel}","templated":true}]}}