{"id":6676,"date":"2024-11-12T15:51:04","date_gmt":"2024-11-12T15:51:04","guid":{"rendered":"https:\/\/247stiri.ro\/index.php\/2024\/11\/12\/surse-silviu-prigoana-nu-s-a-inecat-cu-mancare-acesta-ar-fi-intrat-in-stop-cardiorespirator\/"},"modified":"2024-11-12T15:51:04","modified_gmt":"2024-11-12T15:51:04","slug":"surse-silviu-prigoana-nu-s-a-inecat-cu-mancare-acesta-ar-fi-intrat-in-stop-cardiorespirator","status":"publish","type":"post","link":"https:\/\/247stiri.ro\/index.php\/2024\/11\/12\/surse-silviu-prigoana-nu-s-a-inecat-cu-mancare-acesta-ar-fi-intrat-in-stop-cardiorespirator\/","title":{"rendered":"SURSE: Silviu Prigoan\u0103 nu s-a \u00eenecat cu m\u00e2ncare. Acesta ar fi intrat \u00een stop cardiorespirator"},"content":{"rendered":"<p>Potrivit surselor, decesul s-a declarat la ora 15.30. Primul echipaj SMURD care a intervenit a ajuns la 14.20. L-au resuscitat de la 14.20, dup\u0103 ce l-au g\u0103sit \u00een stop cardiorespirator. A ajuns \u0219i al doilea echipaj de la ambulan\u021b\u0103 Bra\u0219ov. A fost resuscitat de la 14.20 pana la 15.30 c\u00e2nd a fost declarat decesul. Pe parcursul resuscit\u0103rii, medicul a transmis c\u0103 nu a dat semne c\u0103 \u00ee\u0219i revine.\u00a0<\/p>\n<p>Apropia\u021bii lui au spus c\u0103 avea antecedente cardiace. Pentru moment, nu a fost stabilit\u0103 cauza mor\u021bii, medicii se vor pronun\u021ba dup\u0103 raportul medico legal.<\/p>\n<p>Silviu Prigoan\u0103, fondatorul primei televiziuni de stiri, Realitatea TV, a murit la v\u00e2rsta de 60 de ani, mar\u021bi. Omul de afaceri se afla \u00eentr-un restaurant \u00een Bran, al\u0103turi de mai mul\u021bi apropia\u021bi, iar \u00een momentul \u00een care a \u00eenceput s\u0103 m\u0103n\u00e2nce ar fi alunecat \u00eentr-o parte. Medicii ajun\u0219i la fa\u021ba locului nu au mai putut face nimic pentru a-l salva. Sunt luate \u00een calcul mai mai multe variante, printre care \u0219i un posibil infarct.\u00a0<\/p>\n<p><a href=\"https:\/\/www.realitatea.net\/stiri\/actual\/a-murit-omul-de-afaceri-silviu-prigoana-vestea-a-venit-ca-un-soc_6733592d439dd82db6341872\" target=\"_blank\" rel=\"noopener\">A murit omul de afaceri Silviu Prigoan\u0103. Anca Alexandrescu, \u00een stare de \u0219oc: Pl\u00e2ng! Asear\u0103 mi-a dat mesaje s\u0103 m\u0103 felicite<\/a><\/p>","protected":false},"excerpt":{"rendered":"<p>Potrivit surselor, decesul s-a declarat la ora 15.30. Primul echipaj SMURD care a intervenit a&hellip;<\/p>\n","protected":false},"author":0,"featured_media":6665,"comment_status":"open","ping_status":"open","sticky":false,"template":"","format":"standard","meta":{"footnotes":""},"categories":[2],"tags":[],"class_list":["post-6676","post","type-post","status-publish","format-standard","has-post-thumbnail","hentry","category-actual"],"_links":{"self":[{"href":"https:\/\/247stiri.ro\/index.php\/wp-json\/wp\/v2\/posts\/6676","targetHints":{"allow":["GET"]}}],"collection":[{"href":"https:\/\/247stiri.ro\/index.php\/wp-json\/wp\/v2\/posts"}],"about":[{"href":"https:\/\/247stiri.ro\/index.php\/wp-json\/wp\/v2\/types\/post"}],"replies":[{"embeddable":true,"href":"https:\/\/247stiri.ro\/index.php\/wp-json\/wp\/v2\/comments?post=6676"}],"version-history":[{"count":0,"href":"https:\/\/247stiri.ro\/index.php\/wp-json\/wp\/v2\/posts\/6676\/revisions"}],"wp:featuredmedia":[{"embeddable":true,"href":"https:\/\/247stiri.ro\/index.php\/wp-json\/wp\/v2\/media\/6665"}],"wp:attachment":[{"href":"https:\/\/247stiri.ro\/index.php\/wp-json\/wp\/v2\/media?parent=6676"}],"wp:term":[{"taxonomy":"category","embeddable":true,"href":"https:\/\/247stiri.ro\/index.php\/wp-json\/wp\/v2\/categories?post=6676"},{"taxonomy":"post_tag","embeddable":true,"href":"https:\/\/247stiri.ro\/index.php\/wp-json\/wp\/v2\/tags?post=6676"}],"curies":[{"name":"wp","href":"https:\/\/api.w.org\/{rel}","templated":true}]}}