{"id":6677,"date":"2024-11-12T15:51:04","date_gmt":"2024-11-12T15:51:04","guid":{"rendered":"https:\/\/247stiri.ro\/index.php\/2024\/11\/12\/dacia-duster-probleme-tehnice-grave-operatiune-de-rechemare-in-service-defectiuni-la-instalatia-electrica\/"},"modified":"2024-11-12T15:51:04","modified_gmt":"2024-11-12T15:51:04","slug":"dacia-duster-probleme-tehnice-grave-operatiune-de-rechemare-in-service-defectiuni-la-instalatia-electrica","status":"publish","type":"post","link":"https:\/\/247stiri.ro\/index.php\/2024\/11\/12\/dacia-duster-probleme-tehnice-grave-operatiune-de-rechemare-in-service-defectiuni-la-instalatia-electrica\/","title":{"rendered":"Dacia Duster, probleme tehnice grave. Opera\u021biune de rechemare \u00een service. Defec\u021biuni la instala\u021bia electric\u0103"},"content":{"rendered":"<p>Problema ce afecteaz\u0103 instala\u021bia electric\u0103 a noii genera\u021bii Dacia Duster poate duce la pierderea puterii motorului, pierderea asisten\u021bei direc\u021biei (servodirec\u021bia), nefunc\u021bionarea fr\u00e2nei de parcare sau nefunc\u021bionarea\u00a0airbagurilor.<\/p>\n<p>\u00a0<\/p>\n<p>Conform inform\u0103rii transmise de produc\u0103tor clien\u021bilor de pe unele pie\u021be din Europa, proprietarii trebuie s\u0103 se prezinte \u00een service, la orice dealer autorizat deoarece exist\u0103 \u201eriscul pierderii continuit\u0103\u021bii electrice \u00eentre cablajul compartimentului motor \u0219i cablajul tabloului de bord\u201d, ceea ce va duce la problemele men\u021bionate.<\/p>\n<p>Ce ma\u0219ini sunt vizate de aceast\u0103 rechemare?<\/p>\n<p>Campania de rechemare ini\u021biat\u0103 de Dacia vizeaz\u0103 toate exemplarele\u00a0Duster III\u00a0produse p\u00e2n\u0103 la data de 11 iulie 2024. Deocamdat\u0103 nu se cunoa\u0219te cu exactitate num\u0103rul ma\u0219inilor afectate de problema aceasta, dar se pare c\u0103 ar fi vorba de c\u00e2teva mii de exemplare \u00een toat\u0103 Europa. Nu se cunoa\u0219te un num\u0103r exact deoarece campania de rechemare a fost ini\u021biat\u0103 de Dacia, ci nu de autorit\u0103\u021bi.<\/p>\n<p>\u00a0<\/p>\n<p>Repara\u021bia va fi gratuit\u0103, potrivit unui comunicat oficial oferit de Controlul Calit\u0103\u021bii Renault SAS \u0219i va consta \u00een montarea unei protec\u021bii suplimentare pentru conectorul electric al ma\u0219inii. Opera\u021biunea de remediere a problemei electrice ar urma s\u0103 dureze doar 35 de minute, iar la finalul repara\u021biei ma\u0219ina va putea fi condus\u0103 \u00een siguran\u021b\u0103.<\/p>\n<p>Produc\u0103torul \u00eei \u00eendeamn\u0103 pe proprietari s\u0103 contacteze c\u00e2t mai repede un partener oficial Dacia sau v\u00e2nz\u0103torul pentru a efectua gratuit repara\u021bia problemei.<\/p>","protected":false},"excerpt":{"rendered":"<p>Problema ce afecteaz\u0103 instala\u021bia electric\u0103 a noii genera\u021bii Dacia Duster poate duce la pierderea puterii&hellip;<\/p>\n","protected":false},"author":0,"featured_media":6667,"comment_status":"open","ping_status":"open","sticky":false,"template":"","format":"standard","meta":{"footnotes":""},"categories":[2],"tags":[],"class_list":["post-6677","post","type-post","status-publish","format-standard","has-post-thumbnail","hentry","category-actual"],"_links":{"self":[{"href":"https:\/\/247stiri.ro\/index.php\/wp-json\/wp\/v2\/posts\/6677","targetHints":{"allow":["GET"]}}],"collection":[{"href":"https:\/\/247stiri.ro\/index.php\/wp-json\/wp\/v2\/posts"}],"about":[{"href":"https:\/\/247stiri.ro\/index.php\/wp-json\/wp\/v2\/types\/post"}],"replies":[{"embeddable":true,"href":"https:\/\/247stiri.ro\/index.php\/wp-json\/wp\/v2\/comments?post=6677"}],"version-history":[{"count":0,"href":"https:\/\/247stiri.ro\/index.php\/wp-json\/wp\/v2\/posts\/6677\/revisions"}],"wp:featuredmedia":[{"embeddable":true,"href":"https:\/\/247stiri.ro\/index.php\/wp-json\/wp\/v2\/media\/6667"}],"wp:attachment":[{"href":"https:\/\/247stiri.ro\/index.php\/wp-json\/wp\/v2\/media?parent=6677"}],"wp:term":[{"taxonomy":"category","embeddable":true,"href":"https:\/\/247stiri.ro\/index.php\/wp-json\/wp\/v2\/categories?post=6677"},{"taxonomy":"post_tag","embeddable":true,"href":"https:\/\/247stiri.ro\/index.php\/wp-json\/wp\/v2\/tags?post=6677"}],"curies":[{"name":"wp","href":"https:\/\/api.w.org\/{rel}","templated":true}]}}