{"id":6678,"date":"2024-11-12T15:51:04","date_gmt":"2024-11-12T15:51:04","guid":{"rendered":"https:\/\/247stiri.ro\/index.php\/2024\/11\/12\/seful-armatei-romane-pacea-nu-mai-este-o-certitudine-pe-continentul-european\/"},"modified":"2024-11-12T15:51:04","modified_gmt":"2024-11-12T15:51:04","slug":"seful-armatei-romane-pacea-nu-mai-este-o-certitudine-pe-continentul-european","status":"publish","type":"post","link":"https:\/\/247stiri.ro\/index.php\/2024\/11\/12\/seful-armatei-romane-pacea-nu-mai-este-o-certitudine-pe-continentul-european\/","title":{"rendered":"\u0218eful Armatei Rom\u00e2ne: \u201ePacea nu mai este o certitudine pe continentul european\u201d"},"content":{"rendered":"<p>Situa\u0163ia actual\u0103 de securitate ne arat\u0103 c\u0103 pacea nu mai este o certitudine pe continentul european, a declarat, mar\u0163i, \u015feful Statului Major al Ap\u0103r\u0103rii, generalul Gheorghi\u0163\u0103 Vlad, \u00een cadrul alocu\u0163iunii \u0163inute cu ocazia anivers\u0103rii a 165 de ani de la \u00eenfiin\u0163area Statului Major.&#8221;Indicatorii situa\u0163iei actuale de securitate ne avertizeaz\u0103 c\u0103 pacea nu mai este o certitudine pe continentul european. \u00cen disonan\u0163\u0103 cu normele dreptului interna\u0163ional umanitar, ac\u0163iunile Federa\u0163iei Ruse alimenteaz\u0103 progresia negativ\u0103 a poten\u0163ialului de amenin\u0163\u0103ri \u015fi riscuri de securitate. La nivelul regiunii M\u0103rii Negre, zon\u0103 de interes strategic a NATO, avem o situa\u0163ie de criz\u0103 \u00een domeniul ap\u0103r\u0103rii&#8221;, a spus generalul Gheorghi\u0163\u0103 Vlad.\u00a0<\/p>\n<p>El a precizat c\u0103 Armata Rom\u00e2niei \u015fi-a reconfigurat arhitectura defensiv\u0103 \u015fi au fost adaptate procedurile, s-a recalibrat capacitatea de reac\u0163ie a for\u0163elor \u015fi s-au consolidat structurile destinate serviciului permanent de lupt\u0103, poli\u0163iei aeriene \u015fi \u00eent\u0103ririi vigilen\u0163ei.&#8221;Totodat\u0103, s-au \u00eembun\u0103t\u0103\u0163it capabilit\u0103\u0163ile de cunoa\u015ftere a situa\u0163iei \u015fi avertiz\u0103rii timpurii. Capacitatea noastr\u0103 defensiv\u0103, respectiv rela\u0163iile euro-atlantice \u015fi de Parteneriat Strategic cu SUA r\u0103m\u00e2n vectorii posturii na\u0163ionale de descurajare \u015fi ap\u0103rare \u00een regiunea M\u0103rii Negre&#8221;, a mai spus oficialul MApN.<\/p>\n<p>\u00cen urm\u0103 cu 165 de ani, sub autoritatea lui Alexandru Ioan Cuza, domnitorul celor dou\u0103 principate unite, \u00eencepea construc\u0163ia statului rom\u00e2n modern. \u00centre institu\u0163iile \u00eenfiin\u0163ate \u00een 1859 s-a num\u0103rat \u015fi Corpul De Stat Major General, structura comun\u0103 de comand\u0103 a armatelor Moldovei \u015fi \u0162\u0103rii Rom\u00e2ne\u015fti, arat\u0103 sursa citat\u0103.&#8221;De atunci, unul dintre pilonii identit\u0103\u0163ii na\u0163ionale a fost reprezentat de institu\u0163ia ap\u0103r\u0103rii. Prin fapte, Armata \u015fi-a c\u00e2\u015ftigat un bine-meritat loc \u00een istorie \u015fi \u00een inimile rom\u00e2nilor. \u00cen fruntea institu\u0163iei militare s-a g\u0103sit e\u015falonul care a avut ca misiune general\u0103 preg\u0103tirea o\u015ftirii \u015fi a na\u0163iunii pentru ap\u0103rare. A fost un angajament dificil, adeseori \u00eendeplinit cu sacrificiul celor mul\u0163i, c\u0103zu\u0163i la datorie&#8221;, a eviden\u0163iat Gheorghi\u0163\u0103 Vlad.El a men\u0163ionat c\u0103 militarii rom\u00e2ni sunt prezen\u0163i la opera\u0163ii ale NATO \u015fi UE \u00een Balcanii de Vest, Africa, \u00een Marea Mediteran\u0103 \u015fi Oceanul Indian, iar din perspectiva sprijinului na\u0163iunii gazd\u0103, Rom\u00e2nia asigur\u0103 condi\u0163iile necesare oper\u0103rii \u015fi pre-pozi\u0163ion\u0103rii for\u0163elor \u015fi capabilit\u0103\u0163ilor aliate \u00een \u0163ara noastr\u0103, potrivit Planurilor Regionale.<\/p>\n<p>&#8222;\u00cen format bilateral \u015fi al UE, cooper\u0103m cu partenerii din Armata Na\u0163ional\u0103 a Republicii Moldova, pentru ca acest stat independent s\u0103 reziste amenin\u0163\u0103rilor hibride lansate de regimul de la Moscova. De asemenea, prin contribu\u0163ii cu capabilit\u0103\u0163i militare c\u0103tre Armata Ucrainei, suntem parte a efortului na\u0163ional de sprijin multidimensional al statului vecin, care se ap\u0103r\u0103 \u00een r\u0103zboiul brutal dus de Federa\u0163ia Rus\u0103&#8221;, a mai declarat \u015feful Statului Major.<\/p>\n<p>Potrivit acestuia, se iau deja m\u0103suri prin care militarii s\u0103 beneficieze de echipament \u015fi armament individual de cea mai bun\u0103 calitate, iar consolidarea accentuat\u0103 a capabilit\u0103\u0163ilor relevante din arhitectura defensiv\u0103 na\u0163ional\u0103 &#8221;continu\u0103 neab\u0103tut&#8221;.\u00a0<\/p>","protected":false},"excerpt":{"rendered":"<p>Situa\u0163ia actual\u0103 de securitate ne arat\u0103 c\u0103 pacea nu mai este o certitudine pe continentul&hellip;<\/p>\n","protected":false},"author":0,"featured_media":6679,"comment_status":"open","ping_status":"open","sticky":false,"template":"","format":"standard","meta":{"footnotes":""},"categories":[2],"tags":[],"class_list":["post-6678","post","type-post","status-publish","format-standard","has-post-thumbnail","hentry","category-actual"],"_links":{"self":[{"href":"https:\/\/247stiri.ro\/index.php\/wp-json\/wp\/v2\/posts\/6678","targetHints":{"allow":["GET"]}}],"collection":[{"href":"https:\/\/247stiri.ro\/index.php\/wp-json\/wp\/v2\/posts"}],"about":[{"href":"https:\/\/247stiri.ro\/index.php\/wp-json\/wp\/v2\/types\/post"}],"replies":[{"embeddable":true,"href":"https:\/\/247stiri.ro\/index.php\/wp-json\/wp\/v2\/comments?post=6678"}],"version-history":[{"count":0,"href":"https:\/\/247stiri.ro\/index.php\/wp-json\/wp\/v2\/posts\/6678\/revisions"}],"wp:featuredmedia":[{"embeddable":true,"href":"https:\/\/247stiri.ro\/index.php\/wp-json\/wp\/v2\/media\/6679"}],"wp:attachment":[{"href":"https:\/\/247stiri.ro\/index.php\/wp-json\/wp\/v2\/media?parent=6678"}],"wp:term":[{"taxonomy":"category","embeddable":true,"href":"https:\/\/247stiri.ro\/index.php\/wp-json\/wp\/v2\/categories?post=6678"},{"taxonomy":"post_tag","embeddable":true,"href":"https:\/\/247stiri.ro\/index.php\/wp-json\/wp\/v2\/tags?post=6678"}],"curies":[{"name":"wp","href":"https:\/\/api.w.org\/{rel}","templated":true}]}}