{"id":6680,"date":"2024-11-12T15:51:04","date_gmt":"2024-11-12T15:51:04","guid":{"rendered":"https:\/\/247stiri.ro\/index.php\/2024\/11\/12\/traian-basescu-pe-silviu-prigoana-il-voi-respecta-cat-voi-trai-a-fost-un-om-extrem-de-corect\/"},"modified":"2024-11-12T15:51:04","modified_gmt":"2024-11-12T15:51:04","slug":"traian-basescu-pe-silviu-prigoana-il-voi-respecta-cat-voi-trai-a-fost-un-om-extrem-de-corect","status":"publish","type":"post","link":"https:\/\/247stiri.ro\/index.php\/2024\/11\/12\/traian-basescu-pe-silviu-prigoana-il-voi-respecta-cat-voi-trai-a-fost-un-om-extrem-de-corect\/","title":{"rendered":"Traian B\u0103sescu: \u201ePe Silviu Prigoan\u0103 \u00eel voi respecta c\u00e2t voi tr\u0103i. A fost un om extrem de corect\u201d"},"content":{"rendered":"<p>\u201eL-am cunoscut, am lucrat foarte bine cu el. Dumnezeu s\u0103 \u00eel ierte. Era patron la Rosal, eu eram primar general. A fost un om de afaceri extrem de corect. E greu de portretizat un personaju precum Silviu Prigoan\u0103. Cu el discutam la orice or\u0103 din zi \u0219i din noapte, mai ales \u00een zilele \u00een care viscolea \u00een Bucure\u0219ti \u0219i, Rosal fiind \u0219i o companie de desz\u0103pezire, ne adunam la 2, la 3 noaptea, c\u00e2nd \u00eencepea vremea rea. L-am apreciat mereu pentru corectitudinea lui ca om de afaceri. Rela\u021bie personal\u0103 nu am avut cu el, dar a fost un exemplu de om de afaceri de o corectitudine exemplar\u0103. Dup\u0103 ce a v\u00e2ndut Realitatea a deschis ni\u0219te posturi TV unde eu avem acces \u00een 2009, c\u0103ci la celelalte TV, la Voiculescu \u0219i ziarele lui Patriciu se interzisese accesul meu. Mi-a ar\u0103tat c\u0103 avea curaj mai ales \u00een rela\u021bia cu cei care voiau sa construiasc\u0103 un stat numai al lor. Silviu Prigoan\u0103 este un om pe care \u00eel voi respecta c\u00e2t voi tr\u0103i. A fost unul din oamenii exemplari din activitatea mea de om politic, c\u00e2t voi tr\u0103i \u00eei voi pune o floare pe morm\u00e2nt\u201d, a declarat Traian B\u0103sescu.\u00a0<\/p>\n<p><a href=\"https:\/\/www.realitatea.net\/stiri\/actual\/a-murit-omul-de-afaceri-silviu-prigoana-vestea-a-venit-ca-un-soc_6733592d439dd82db6341872\" target=\"_blank\" rel=\"noopener\">A murit omul de afaceri Silviu Prigoan\u0103. Anca Alexandrescu, \u00een stare de \u0219oc: Pl\u00e2ng! Asear\u0103 mi-a dat mesaje s\u0103 m\u0103 felicite<\/a><\/p>","protected":false},"excerpt":{"rendered":"<p>\u201eL-am cunoscut, am lucrat foarte bine cu el. Dumnezeu s\u0103 \u00eel ierte. Era patron la&hellip;<\/p>\n","protected":false},"author":0,"featured_media":6681,"comment_status":"open","ping_status":"open","sticky":false,"template":"","format":"standard","meta":{"footnotes":""},"categories":[2],"tags":[],"class_list":["post-6680","post","type-post","status-publish","format-standard","has-post-thumbnail","hentry","category-actual"],"_links":{"self":[{"href":"https:\/\/247stiri.ro\/index.php\/wp-json\/wp\/v2\/posts\/6680","targetHints":{"allow":["GET"]}}],"collection":[{"href":"https:\/\/247stiri.ro\/index.php\/wp-json\/wp\/v2\/posts"}],"about":[{"href":"https:\/\/247stiri.ro\/index.php\/wp-json\/wp\/v2\/types\/post"}],"replies":[{"embeddable":true,"href":"https:\/\/247stiri.ro\/index.php\/wp-json\/wp\/v2\/comments?post=6680"}],"version-history":[{"count":0,"href":"https:\/\/247stiri.ro\/index.php\/wp-json\/wp\/v2\/posts\/6680\/revisions"}],"wp:featuredmedia":[{"embeddable":true,"href":"https:\/\/247stiri.ro\/index.php\/wp-json\/wp\/v2\/media\/6681"}],"wp:attachment":[{"href":"https:\/\/247stiri.ro\/index.php\/wp-json\/wp\/v2\/media?parent=6680"}],"wp:term":[{"taxonomy":"category","embeddable":true,"href":"https:\/\/247stiri.ro\/index.php\/wp-json\/wp\/v2\/categories?post=6680"},{"taxonomy":"post_tag","embeddable":true,"href":"https:\/\/247stiri.ro\/index.php\/wp-json\/wp\/v2\/tags?post=6680"}],"curies":[{"name":"wp","href":"https:\/\/api.w.org\/{rel}","templated":true}]}}