{"id":6697,"date":"2024-11-12T16:55:16","date_gmt":"2024-11-12T16:55:16","guid":{"rendered":"https:\/\/247stiri.ro\/index.php\/2024\/11\/12\/expertii-in-economie-il-contrazic-pe-isarescu-romania-nu-va-trece-la-dieta-ci-direct-la-terapie-intensiva\/"},"modified":"2024-11-12T16:55:16","modified_gmt":"2024-11-12T16:55:16","slug":"expertii-in-economie-il-contrazic-pe-isarescu-romania-nu-va-trece-la-dieta-ci-direct-la-terapie-intensiva","status":"publish","type":"post","link":"https:\/\/247stiri.ro\/index.php\/2024\/11\/12\/expertii-in-economie-il-contrazic-pe-isarescu-romania-nu-va-trece-la-dieta-ci-direct-la-terapie-intensiva\/","title":{"rendered":"Exper\u021bii \u00een economie \u00eel contrazic pe Is\u0103rescu: \u201eRom\u00e2nia nu va trece la diet\u0103, ci direct la terapie intensiv\u0103!\u201d"},"content":{"rendered":"<p>Analistul economic Adrian Negrescu a declarat c\u0103 la cum arat\u0103 situa\u0163ia economic\u0103 actual\u0103, cu un deficit bugetar ce va dep\u0103\u015fi 138 de miliarde de lei la finele anului, pare c\u0103 \u201edieta\u201d anun\u0163at\u0103 de guvernatorul Mugur Is\u0103rescu va fi ori una cu iz de \u201efoamete\u201d, ori pacientul Rom\u00e2nia va trece direct la \u201eterapie intensiv\u0103\u201d, cu interven\u0163ia \u201echirurgilor\u201d de la FMI.<\/p>\n<p>Luni, Guvernatorul B\u0103ncii Na\u0163ionale a Rom\u00e2niei, Mugur Is\u0103rescu, a afirmat c\u0103 orice ajustare \u00eenseamn\u0103 o str\u00e2ngere a curelei deoarece pentru reducerea deficitului extern \u015fi a deficitului public trebuie s\u0103 fie adaptat consumul intern la nivelul produc\u0163iei. El a sus\u0163inut \u00eens\u0103 c\u0103 nu orice str\u00e2ngere a curelei este dureroas\u0103 \u015fi c\u0103 se poate concepe \u015fi \u201do str\u00e2ngere a curelei cu o diet\u0103 s\u0103n\u0103toas\u0103\u201d, iar \u00een acest caz \u201ddurerea este mai mic\u0103\u201d \u015fi efectul mai bun.\u201eLa cum arat\u0103 situa\u0163ia economic\u0103 actual\u0103, cu un deficit bugetar ce va dep\u0103\u015fi 138 de miliarde de lei la finele anului, pare c\u0103 dieta anun\u0163at\u0103 de guvernator va fi ori una cu iz de \u201efoamete\u201d, ori pacientul Rom\u00e2nia va fi nevoit s\u0103 treac\u0103 direct la \u201egastro-banding\u201d, adic\u0103 s\u0103 sl\u0103beasc\u0103 for\u0163at \u00een baza unei opera\u0163ii financiar-bugetare, cu t\u0103ieri drastice de costuri administrative \u015fi perfuzii noi de taxe \u015fi imozite\u201d a declarat, mar\u0163i, analistul Adrian Negrescu.Acesta consider\u0103 c\u0103 se putea discuta de \u201eo diet\u0103 fiscal-bugetar\u0103\u201d dac\u0103 statul men\u0163inea deficitul la 5% \u015fi nu se \u00eemprumuta \u201ef\u0103r\u0103 num\u0103r\u201d \u00een 2024, cu aproape 50 de miliarde de euro, un \u201erecord istoric\u201d pentru Rom\u00e2nia.\u201e\u00cen actualele condi\u0163ii macroeconomice, cu o economie care stagneaz\u0103 \u2013 \u00een condi\u0163iile unei cre\u015fteri economice de numai 0,1% dup\u0103 primul semestru \u015fi cu o infla\u0163ie ce a revenit pe cre\u015ftere, e posibil ca dieta recomandat\u0103 de Is\u0103rescu s\u0103 se transforme \u00eentr-o opera\u0163ie chirurgical-bugetar\u0103 decis\u0103 de nimeni al\u0163ii dec\u00e2t de \u201echirurgii\u201d de la FMI\u201d, a spus Negrescu.<\/p>\n<p>\u00a0\u015eansa pentru evitarea unui acord cu FMI<\/p>\n<p>Analistul preconizeaz\u0103 c\u0103 anul viitor, statul va trebui s\u0103 pl\u0103teasc\u0103 p\u00e2n\u0103 la 70 de miliarde de euro \u00een plus fa\u0163\u0103 de acest an (cheltuieli cu pensiile majorate, cu \u00eenzestrarea Armatei, cu investi\u0163iile din PNRR, cu salariile bugetarilor \u015fi cu ratele \u015fi dob\u00e2nzile la \u00eemprumuturile uria\u015fe luate \u00een ultimii ani etc, iar \u201ecolacul de salvare financiar\u0103\u201e ar putea s\u0103 vin\u0103 tocmai de la FMI, care \u201es\u0103 ne pun\u0103 la dispozi\u0163ie un imprumut de 40-50 de miliarde de euro, cu o dob\u00e2nd\u0103 oricum mai mic\u0103 dec\u00e2t cea oferit\u0103 de pie\u0163e\u201d.\u00a0\u201eCondi\u0163iile le \u015ftim deja \u2013 sc\u0103derea cheltuielilor, cre\u015fterea taxelor, o austeritate care va avea mai mult iz de terapie intensiv\u0103 dec\u00e2t de cur\u0103 de sl\u0103bire. Singura \u015fans\u0103 ca Rom\u00e2nia s\u0103 evite un acord cu FMI \u015fi s\u0103 nu creasc\u0103 taxele este s\u0103 atrag\u0103 to\u0163i banii restan\u0163i din PNRR \u2013 circa 16 miliarde pentru 2025 \u015fi s\u0103 colecteze la buget cu cel pu\u0163in 15 miliarde de euro mai mult dec\u00e2t \u00een 2024. Asta ar \u00eensemna, \u00eens\u0103, ca economia s\u0103 performeze, s\u0103 duduie \u00een anul viitor, ceea ce sunt slabe \u015fanse, av\u00e2nd \u00een vedere actualul context economic\u201d, a explicat Negrescu.Potrivit analistului, nu este exclus ca, \u00een aceste condi\u0163ii, 2025 s\u0103 fie \u201e\u00eenc\u0103 un an cu o infla\u0163ie ridicat\u0103 \u00een Rom\u00e2nia, cu un curs valutar peste 5 lei \u015fi cu taxe mai mari\u201d.<\/p>\n<p>\u201eEfectele le \u015ftim deja &#8211; ne a\u015fteapt\u0103, din p\u0103cate, o posibil\u0103 recesiune economic\u0103 cu efecte nedorite pentru toat\u0103 lumea\u201d, a conchis Adrian Negrescu.<\/p>\n<p>\u00a0Ce-\u0219i dore\u0219te Mugur Is\u0103rescu<\/p>\n<p>Guvernatorul B\u0103ncii Na\u0163ionale a Rom\u00e2niei, Mugur Is\u0103rescu, a afirmat c\u0103 orice ajustare \u00eenseamn\u0103 o str\u00e2ngere a curelei deoarece pentru reducerea deficitului extern \u015fi a deficitului public trebuie s\u0103 fie adaptat consumul intern la nivelul produc\u0163iei. El a sus\u0163inut \u00eens\u0103 c\u0103 nu orice str\u00e2ngere a curelei este dureroas\u0103 \u015fi c\u0103 se poate concepe \u015fi \u201do str\u00e2ngere a curelei cu o diet\u0103 s\u0103n\u0103toas\u0103\u201d, iar \u00een acest caz \u201ddurerea este mai mic\u0103\u201d \u015fi efectul mai bun.<\/p>\n<p>Mugur Is\u0103rescu a fost \u00eentrebat, luni, \u00eentr-o conferin\u0163\u0103 de pres\u0103, despre \u0163intele pe care le are Guvernul pentru reducerea deficitului anul viitor, la ce se a\u015fteapt\u0103 BNR \u015fi care ar fi impactul \u00een infla\u0163ie al acestor m\u0103suri.<\/p>\n<p>\u201dNe a\u015ftept\u0103m la un program de corec\u0163ie coerent. Bine\u00een\u0163eles, cu sprijin politic puternic, pentru c\u0103 orice corec\u0163ie, orice ajustare \u00eenseamn\u0103 pe undeva o str\u00e2ngere a curelei. S\u0103 reduci deficitul extern, ca \u015fi deficitul public, \u00eenseamn\u0103 c\u0103 \u00ee\u0163i adaptezi consumul intern la nivelul produc\u0163iei. Dar pe de alt\u0103 parte, \u015ftim foarte bine c\u0103 nu orice str\u00e2ngere a curelei este dureroas\u0103. Se poate concepe \u015fi o str\u00e2ngere a curelei cu o diet\u0103 s\u0103n\u0103toas\u0103, ca s\u0103 m\u0103 exprim a\u015fa, \u015fi atunci \u015fi durerea este mai mic\u0103 \u015fi efectul este mai bun. Acest mix de politici fiscal bugetare \u015fi de venituri \u00eel a\u015ftept\u0103m \u015fi \u00een func\u0163ie de el vom defini politica monetar\u0103\u201d, a declarat guvernatorul BNR.<\/p>\n<p>El a ad\u0103ugat c\u0103 a\u015fteapt\u0103 de la noul guvern un program credibil de corec\u0163ie macro-economic\u0103.<\/p>","protected":false},"excerpt":{"rendered":"<p>Analistul economic Adrian Negrescu a declarat c\u0103 la cum arat\u0103 situa\u0163ia economic\u0103 actual\u0103, cu un&hellip;<\/p>\n","protected":false},"author":0,"featured_media":6698,"comment_status":"open","ping_status":"open","sticky":false,"template":"","format":"standard","meta":{"footnotes":""},"categories":[2],"tags":[],"class_list":["post-6697","post","type-post","status-publish","format-standard","has-post-thumbnail","hentry","category-actual"],"_links":{"self":[{"href":"https:\/\/247stiri.ro\/index.php\/wp-json\/wp\/v2\/posts\/6697","targetHints":{"allow":["GET"]}}],"collection":[{"href":"https:\/\/247stiri.ro\/index.php\/wp-json\/wp\/v2\/posts"}],"about":[{"href":"https:\/\/247stiri.ro\/index.php\/wp-json\/wp\/v2\/types\/post"}],"replies":[{"embeddable":true,"href":"https:\/\/247stiri.ro\/index.php\/wp-json\/wp\/v2\/comments?post=6697"}],"version-history":[{"count":0,"href":"https:\/\/247stiri.ro\/index.php\/wp-json\/wp\/v2\/posts\/6697\/revisions"}],"wp:featuredmedia":[{"embeddable":true,"href":"https:\/\/247stiri.ro\/index.php\/wp-json\/wp\/v2\/media\/6698"}],"wp:attachment":[{"href":"https:\/\/247stiri.ro\/index.php\/wp-json\/wp\/v2\/media?parent=6697"}],"wp:term":[{"taxonomy":"category","embeddable":true,"href":"https:\/\/247stiri.ro\/index.php\/wp-json\/wp\/v2\/categories?post=6697"},{"taxonomy":"post_tag","embeddable":true,"href":"https:\/\/247stiri.ro\/index.php\/wp-json\/wp\/v2\/tags?post=6697"}],"curies":[{"name":"wp","href":"https:\/\/api.w.org\/{rel}","templated":true}]}}