{"id":6699,"date":"2024-11-12T16:55:17","date_gmt":"2024-11-12T16:55:17","guid":{"rendered":"https:\/\/247stiri.ro\/index.php\/2024\/11\/12\/cristi-munteanu-implicat-intr-un-accident-teribil-roata-unui-tir-i-a-explodat-in-fata-care-e-starea-oficialului-de-la-otelul\/"},"modified":"2024-11-12T16:55:17","modified_gmt":"2024-11-12T16:55:17","slug":"cristi-munteanu-implicat-intr-un-accident-teribil-roata-unui-tir-i-a-explodat-in-fata-care-e-starea-oficialului-de-la-otelul","status":"publish","type":"post","link":"https:\/\/247stiri.ro\/index.php\/2024\/11\/12\/cristi-munteanu-implicat-intr-un-accident-teribil-roata-unui-tir-i-a-explodat-in-fata-care-e-starea-oficialului-de-la-otelul\/","title":{"rendered":"Cristi Munteanu, implicat \u00eentr-un accident teribil. Roata unui tir i-a explodat \u00een fa\u021b\u0103: care e starea oficialului de la O\u021belul"},"content":{"rendered":"<p>Cristi Munteanu a fost implicat \u00eentr-un accident rutier teribil urm\u0103toarea zi dup\u0103 O\u021belul Gala\u021bi \u2013 CFR Cluj, scor 0-1. Conform presei, Dorinel Munteanu a dat detalii de ultim\u0103 or\u0103 despre oficialul de la malul Dun\u0103rii.<\/p>\n<p>\u201e\u0218tiu, am primit imediat informa\u021bia. Nu am vorbit cu Cristi, a vorbit so\u021bia cu el. Mi-am luat c\u00e2teva zile libere, au venit copii mei din Olanda, nu i-am v\u0103zut de un an de zile. El e \u00een regul\u0103, nu este nicio problem\u0103\u201d, a declarat Dorinel Munteanu.<\/p>\n<p>Cristi Munteanu a fost implicat \u00eentr-un accident. Pre\u0219edintele celor de la O\u021belul Gala\u021bi a avut unui accident la nici 24 de ore dup\u0103 ce echipa sa a pierdut meciul restant cu CFR Cluj, scor 0-1.<\/p>\n<p>Dorinel Munteanu, antrenorul echipei, a vorbit despre starea \u015fefului s\u0103u \u015fi a precizat c\u0103 acesta nu a fost r\u0103nit, dar a resim\u021bit \u0219ocul sperieturii prin care a trecut.<\/p>","protected":false},"excerpt":{"rendered":"<p>Cristi Munteanu a fost implicat \u00eentr-un accident rutier teribil urm\u0103toarea zi dup\u0103 O\u021belul Gala\u021bi \u2013&hellip;<\/p>\n","protected":false},"author":0,"featured_media":6689,"comment_status":"open","ping_status":"open","sticky":false,"template":"","format":"standard","meta":{"footnotes":""},"categories":[2],"tags":[],"class_list":["post-6699","post","type-post","status-publish","format-standard","has-post-thumbnail","hentry","category-actual"],"_links":{"self":[{"href":"https:\/\/247stiri.ro\/index.php\/wp-json\/wp\/v2\/posts\/6699","targetHints":{"allow":["GET"]}}],"collection":[{"href":"https:\/\/247stiri.ro\/index.php\/wp-json\/wp\/v2\/posts"}],"about":[{"href":"https:\/\/247stiri.ro\/index.php\/wp-json\/wp\/v2\/types\/post"}],"replies":[{"embeddable":true,"href":"https:\/\/247stiri.ro\/index.php\/wp-json\/wp\/v2\/comments?post=6699"}],"version-history":[{"count":0,"href":"https:\/\/247stiri.ro\/index.php\/wp-json\/wp\/v2\/posts\/6699\/revisions"}],"wp:featuredmedia":[{"embeddable":true,"href":"https:\/\/247stiri.ro\/index.php\/wp-json\/wp\/v2\/media\/6689"}],"wp:attachment":[{"href":"https:\/\/247stiri.ro\/index.php\/wp-json\/wp\/v2\/media?parent=6699"}],"wp:term":[{"taxonomy":"category","embeddable":true,"href":"https:\/\/247stiri.ro\/index.php\/wp-json\/wp\/v2\/categories?post=6699"},{"taxonomy":"post_tag","embeddable":true,"href":"https:\/\/247stiri.ro\/index.php\/wp-json\/wp\/v2\/tags?post=6699"}],"curies":[{"name":"wp","href":"https:\/\/api.w.org\/{rel}","templated":true}]}}