{"id":6719,"date":"2024-11-12T18:44:49","date_gmt":"2024-11-12T18:44:49","guid":{"rendered":"https:\/\/247stiri.ro\/index.php\/2024\/11\/12\/emmanuel-macron-sper-ca-ajutorul-nato-pentru-ucraina-sa-ramana-la-fel-de-ferm-ca-si-pana-acum\/"},"modified":"2024-11-12T18:44:49","modified_gmt":"2024-11-12T18:44:49","slug":"emmanuel-macron-sper-ca-ajutorul-nato-pentru-ucraina-sa-ramana-la-fel-de-ferm-ca-si-pana-acum","status":"publish","type":"post","link":"https:\/\/247stiri.ro\/index.php\/2024\/11\/12\/emmanuel-macron-sper-ca-ajutorul-nato-pentru-ucraina-sa-ramana-la-fel-de-ferm-ca-si-pana-acum\/","title":{"rendered":"Emmanuel Macron: \u201eSper ca ajutorul NATO pentru Ucraina s\u0103 r\u0103m\u00e2n\u0103 la fel de ferm ca \u0219i p\u00e2n\u0103 acum\u201d"},"content":{"rendered":"<p>Pre\u0219edintele francez Emmanuel Macron \u0219i secretarul general al NATO, Mark Rutte, au \u00eendemnat mar\u021bi, la Paris, la men\u021binerea sprijinului militar ferm pentru Ucraina, \u00een condi\u021biile \u00een care revenirea lui Donald Trump la pre\u0219edin\u021bia SUA face s\u0103 planeze \u00eendoiala asupra continu\u0103rii ajutorului american pentru Kiev, informeaz\u0103 AFP.<\/p>\n<p>&#8222;Sprijinul pentru aceast\u0103 \u021bar\u0103 agresat\u0103 de Rusia r\u0103m\u00e2ne o prioritate absolut\u0103&#8221;, a afirmat \u00een fa\u021ba presei \u0219eful statului francez \u00eenainte de un dineu de lucru cu Rutte. &#8222;Desf\u0103\u0219urarea recent\u0103 a unor trupe nord-coreene pe linia frontului este o escaladare grav\u0103. \u0218i noi vom continua s\u0103 pled\u0103m ca NATO \u0219i alia\u021bii s\u0103i s\u0103 \u00ee\u0219i aduc\u0103 sprijinul pentru armata ucrainean\u0103 c\u00e2t timp va fi nevoie&#8221;, a ad\u0103ugat Macron.<\/p>\n<p>Potrivit pre\u0219edintelui francez, &#8222;aceasta este singura cale spre negocieri&#8221;. &#8222;\u0218i vreau s\u0103 fiu clar, c\u00e2nd va veni momentul, nimic nu trebuie s\u0103 se decid\u0103 asupra Ucrainei f\u0103r\u0103 ucraineni, nici asupra Europei f\u0103r\u0103 europeni&#8221;, a subliniat Macron.<\/p>\n<p>Donald Trump, care se va reveni la Casa Alb\u0103 pe 20 ianuarie, a amintit s\u0103pt\u0103m\u00e2na trecut\u0103 c\u0103 el nu este acolo pentru a face r\u0103zboi, ci pentru a face pace. El a promis \u00een timpul campaniei electorale c\u0103 va pune cap\u0103t \u00een 24 de ore r\u0103zboiului \u00een Ucraina, \u00eens\u0103 f\u0103r\u0103 a preciza cum.<\/p>\n<p>Al\u0103turi de Emmanuel Macron, noul secretar general al NATO i-a \u00eendemnat mar\u021bi pe occidentali &#8222;s\u0103 fac\u0103 mai mult dec\u00e2t doar s\u0103-i permit\u0103 Ucrainei s\u0103 lupte&#8221;.<\/p>\n<p>&#8222;Trebuie s\u0103 men\u021binem for\u021ba alian\u021bei noastre transatlantice. Provocarea imediat\u0103 cu care ne confrunt\u0103m este sprijinul pentru Ucraina&#8221;, care &#8222;se preg\u0103te\u0219te pentru iarna sa cea mai dur\u0103&#8221; de la declan\u0219area invaziei ruse \u00een februarie 2022, a ad\u0103ugat Rutte.<\/p>\n<p>Sprijinul nord-coreean adus Moscovei ilustreaz\u0103 necesitatea unei sus\u021bineri din partea SUA, a c\u0103ror proprie securitate este pus\u0103 \u00een discu\u021bie, potrivit lui Rutte.<\/p>\n<p>Rusia sus\u021bine financiar Phenianul \u0219i \u00eei ofer\u0103 expertiza sa \u00een materie de tehnologii de rachete, a amintit secretarul general al NATO.<\/p>\n<p>De asemenea, colabor\u00e2nd cu Coreea de Nord, Iranul \u0219i China, Moscova &#8222;nu amenin\u021b\u0103 doar Europa, ci amenin\u021b\u0103 de asemenea pacea \u0219i securitatea \u00een Indo-Pacific \u0219i \u00een America de Nord&#8221;, potrivit lui.<\/p>\n<p>\u00cen timp ce Donald Trump le repro\u0219eaz\u0103 \u00een mod regulat europenilor c\u0103 nu aloc\u0103 suficient de mul\u021bi bani pentru ap\u0103rarea lor pe cheltuiala SUA, Emmanuel Macron a recunoscut c\u0103 Europa &#8222;a evitat prea mult\u0103 vreme s\u0103 poarte povara propriei securit\u0103\u021bi&#8221;, chiar dac\u0103 &#8222;aceasta nu a fost niciodat\u0103 cazul Fran\u021bei&#8221;, potrivit lui.<\/p>\n<p>Pre\u0219edintele francez a reiterat importan\u021ba construirii unui &#8222;pilon european al securit\u0103\u021bii noastre transatlantice&#8221;. &#8222;Acest lucru este a\u0219teptat pe bun\u0103 dreptate \u0219i de administra\u021bia american\u0103 de la europeni \u00een cadrul alian\u021bei&#8221;, a estimat Macron.<\/p>\n<p>&#8222;Avem nevoie de o cooperare transatlantic\u0103 de ap\u0103rare mai robust\u0103 \u0219i de mai multe investi\u021bii \u00een ap\u0103rare&#8221;, a \u00eent\u0103rit secretarul general al NATO. &#8222;Cu c\u00e2t mai mult vom cheltui pentru ap\u0103rare, cu at\u00e2t mai mult vom reduce riscul unui viitor conflict&#8221;, a subliniat Mark Rutte.<\/p>","protected":false},"excerpt":{"rendered":"<p>Pre\u0219edintele francez Emmanuel Macron \u0219i secretarul general al NATO, Mark Rutte, au \u00eendemnat mar\u021bi, la&hellip;<\/p>\n","protected":false},"author":0,"featured_media":6711,"comment_status":"open","ping_status":"open","sticky":false,"template":"","format":"standard","meta":{"footnotes":""},"categories":[2],"tags":[],"class_list":["post-6719","post","type-post","status-publish","format-standard","has-post-thumbnail","hentry","category-actual"],"_links":{"self":[{"href":"https:\/\/247stiri.ro\/index.php\/wp-json\/wp\/v2\/posts\/6719","targetHints":{"allow":["GET"]}}],"collection":[{"href":"https:\/\/247stiri.ro\/index.php\/wp-json\/wp\/v2\/posts"}],"about":[{"href":"https:\/\/247stiri.ro\/index.php\/wp-json\/wp\/v2\/types\/post"}],"replies":[{"embeddable":true,"href":"https:\/\/247stiri.ro\/index.php\/wp-json\/wp\/v2\/comments?post=6719"}],"version-history":[{"count":0,"href":"https:\/\/247stiri.ro\/index.php\/wp-json\/wp\/v2\/posts\/6719\/revisions"}],"wp:featuredmedia":[{"embeddable":true,"href":"https:\/\/247stiri.ro\/index.php\/wp-json\/wp\/v2\/media\/6711"}],"wp:attachment":[{"href":"https:\/\/247stiri.ro\/index.php\/wp-json\/wp\/v2\/media?parent=6719"}],"wp:term":[{"taxonomy":"category","embeddable":true,"href":"https:\/\/247stiri.ro\/index.php\/wp-json\/wp\/v2\/categories?post=6719"},{"taxonomy":"post_tag","embeddable":true,"href":"https:\/\/247stiri.ro\/index.php\/wp-json\/wp\/v2\/tags?post=6719"}],"curies":[{"name":"wp","href":"https:\/\/api.w.org\/{rel}","templated":true}]}}