{"id":6724,"date":"2024-11-12T19:44:47","date_gmt":"2024-11-12T19:44:47","guid":{"rendered":"https:\/\/247stiri.ro\/index.php\/2024\/11\/12\/ursula-von-der-leyen-anunta-o-strategie-europeana-de-pregatire-civila-si-militara-trebuie-sa-o-facem-la-toate-nivelurile\/"},"modified":"2024-11-12T19:44:47","modified_gmt":"2024-11-12T19:44:47","slug":"ursula-von-der-leyen-anunta-o-strategie-europeana-de-pregatire-civila-si-militara-trebuie-sa-o-facem-la-toate-nivelurile","status":"publish","type":"post","link":"https:\/\/247stiri.ro\/index.php\/2024\/11\/12\/ursula-von-der-leyen-anunta-o-strategie-europeana-de-pregatire-civila-si-militara-trebuie-sa-o-facem-la-toate-nivelurile\/","title":{"rendered":"Ursula Von der Leyen anun\u0163\u0103 o strategie european\u0103 de preg\u0103tire civil\u0103 \u015fi militar\u0103: \u201eTrebuie s\u0103 o facem la toate nivelurile\u201d"},"content":{"rendered":"<p>\u201eAmenin\u0163area unei agresiuni armate \u00eempotriva unui stat membru nu a fost niciodat\u0103 mai mare de la sf\u00e2r\u015fitul R\u0103zboiului Rece. Dac\u0103 vrem s\u0103 o prevenim, trebuie s\u0103 ne preg\u0103tim pentru ea&#8221;, a avertizat Von der Leyen, referindu-se la Rusia, \u00eentr-un mesaj video \u00een timpul unui forum de securitate desf\u0103\u015furat la Espoo (Finlanda).<\/p>\n<p>Pe l\u00e2ng\u0103 amenin\u0163area militar\u0103 ca urmare a invaziei ruse \u00een Ucraina, Von der Leyen a avertizat c\u0103 exist\u0103 &#8222;un spectru larg de riscuri emergente&#8221; la adresa Uniunii Europene (UE), a\u015fa cum demonstreaz\u0103 num\u0103rul tot mai mare de atacuri hibride \u00eempotriva statelor sale membre.<\/p>\n<p>\u201eTrebuie s\u0103 examin\u0103m toate politicile noastre din punct de vedere al securit\u0103\u0163ii \u015fi al preg\u0103tirii. \u015ei trebuie s\u0103 o facem la toate nivelurile: local, na\u0163ional \u015fi, da, la nivel european&#8221;, a subliniat ea.<\/p>\n<p>\u201eEuropa se \u00eenc\u0103lze\u015fte de dou\u0103 ori mai repede dec\u00e2t media global\u0103. Trebuie s\u0103 ne mobiliz\u0103m toate resursele pentru a proteja europenii de schimb\u0103rile climatice&#8221;, a insistat pre\u015fedinta Comisiei Europene.<\/p>","protected":false},"excerpt":{"rendered":"<p>\u201eAmenin\u0163area unei agresiuni armate \u00eempotriva unui stat membru nu a fost niciodat\u0103 mai mare de&hellip;<\/p>\n","protected":false},"author":0,"featured_media":6721,"comment_status":"open","ping_status":"open","sticky":false,"template":"","format":"standard","meta":{"footnotes":""},"categories":[2],"tags":[],"class_list":["post-6724","post","type-post","status-publish","format-standard","has-post-thumbnail","hentry","category-actual"],"_links":{"self":[{"href":"https:\/\/247stiri.ro\/index.php\/wp-json\/wp\/v2\/posts\/6724","targetHints":{"allow":["GET"]}}],"collection":[{"href":"https:\/\/247stiri.ro\/index.php\/wp-json\/wp\/v2\/posts"}],"about":[{"href":"https:\/\/247stiri.ro\/index.php\/wp-json\/wp\/v2\/types\/post"}],"replies":[{"embeddable":true,"href":"https:\/\/247stiri.ro\/index.php\/wp-json\/wp\/v2\/comments?post=6724"}],"version-history":[{"count":0,"href":"https:\/\/247stiri.ro\/index.php\/wp-json\/wp\/v2\/posts\/6724\/revisions"}],"wp:featuredmedia":[{"embeddable":true,"href":"https:\/\/247stiri.ro\/index.php\/wp-json\/wp\/v2\/media\/6721"}],"wp:attachment":[{"href":"https:\/\/247stiri.ro\/index.php\/wp-json\/wp\/v2\/media?parent=6724"}],"wp:term":[{"taxonomy":"category","embeddable":true,"href":"https:\/\/247stiri.ro\/index.php\/wp-json\/wp\/v2\/categories?post=6724"},{"taxonomy":"post_tag","embeddable":true,"href":"https:\/\/247stiri.ro\/index.php\/wp-json\/wp\/v2\/tags?post=6724"}],"curies":[{"name":"wp","href":"https:\/\/api.w.org\/{rel}","templated":true}]}}