{"id":6727,"date":"2024-11-12T20:44:47","date_gmt":"2024-11-12T20:44:47","guid":{"rendered":"https:\/\/247stiri.ro\/index.php\/2024\/11\/12\/austria-nu-se-mai-opune-si-deschide-drumul-catre-schengen-pentru-romania-si-bulgaria\/"},"modified":"2024-11-12T20:44:47","modified_gmt":"2024-11-12T20:44:47","slug":"austria-nu-se-mai-opune-si-deschide-drumul-catre-schengen-pentru-romania-si-bulgaria","status":"publish","type":"post","link":"https:\/\/247stiri.ro\/index.php\/2024\/11\/12\/austria-nu-se-mai-opune-si-deschide-drumul-catre-schengen-pentru-romania-si-bulgaria\/","title":{"rendered":"Austria nu se mai opune \u0219i deschide drumul c\u0103tre Schengen pentru Rom\u00e2nia \u0219i Bulgaria"},"content":{"rendered":"<p>Pentru unii, refuzul extinderii Spa\u0163iului Schengen a fost o m\u0103sur\u0103 necesar\u0103 pentru a proteja Austria, pentru al\u0163ii a fost o manevr\u0103 politic\u0103 pentru a ob\u0163ine puncte \u00eenainte de alegerile na\u0163ionale \u015fi de stat: \u00cen orice caz, blocarea ader\u0103rii la Schengen a Rom\u00e2niei \u015fi Bulgariei nu a adus Austriei prieteni pe plan interna\u0163ional.<\/p>\n<p>Chiar \u015fi cre\u015ftin-democra\u0163ii europeni de rang \u00eenalt, adic\u0103 prieteni de partid ai \u00d6VP, \u015fi-au exprimat \u00een mod deschis nemul\u0163umirea fa\u0163\u0103 de pozi\u0163ia Austriei \u00een aceast\u0103 privin\u0163\u0103.<\/p>\n<p>Acum, se pare c\u0103 lucrurile au fost finalizate la Bruxelles \u015fi Viena: Austria renun\u0163\u0103 la dreptul s\u0103u de veto \u015fi deschide calea pentru cele dou\u0103 state membre ale UE, Rom\u00e2nia \u015fi Bulgaria. \u00cen cadrul unei reuniuni care va avea loc la Budapesta la 22 noiembrie, la care a fost invitat\u0103 Ungaria, care de\u0163ine \u00een prezent pre\u015fedin\u0163ia UE, ministrul austriac de interne Gerhard Karner se va \u00eent\u00e2lni cu omologii s\u0103i din Rom\u00e2nia \u015fi Bulgaria.<\/p>\n<p>\u00cen cadrul acestei reuniuni urmeaz\u0103 s\u0103 fie adoptat un pachet de m\u0103suri pe care Rom\u00e2nia \u015fi Bulgaria mai trebuie s\u0103 le \u00eendeplineasc\u0103 pentru a deveni \u00een sf\u00e2r\u015fit membre Schengen. Acest lucru este a\u015fteptat s\u0103 se \u00eent\u00e2mple \u00een prim\u0103vara anului 2025, scrie Kurier. Cel pu\u0163in aceasta este opinia reprezentan\u0163ilor de v\u00e2rf ai guvernului rom\u00e2n.<\/p>\n<p>Cu toate acestea, potrivit Ministerului de Interne, cele dou\u0103 \u0163\u0103ri au \u00eendeplinit deja principalele cerin\u0163e: Mai presus de toate, securitatea sporit\u0103 a frontierelor lor externe ale UE \u015fi returnarea mai rapid\u0103 a solicitan\u0163ilor de azil respin\u015fi din Austria. Ele sunt \u00een mod clar pe \u201ecalea cea bun\u0103\u201d. De asemenea, eurodeputa\u0163ii rom\u00e2ni au declarat c\u0103 cele dou\u0103 \u0163\u0103ri au ajuns \u00een sf\u00e2r\u015fit \u00een ultima linie dreapt\u0103 pe drumul c\u0103tre aderare.<\/p>\n<p>A existat, de asemenea, un sprijin clar pentru aderare din partea comisarului european pentru migra\u0163ie desemnat de Austria, Magnus Brunner. Fostul ministru de finan\u0163e a fost interpelat \u00een Parlamentul European s\u0103pt\u0103m\u00e2na trecut\u0103. Brunner a declarat c\u0103 a militat \u00eentotdeauna pentru aderarea celor dou\u0103 \u0163\u0103ri \u201e\u015fi voi continua s\u0103 fac acest lucru\u201d. Brunner a vorbit despre \u201eprogresele extreme\u201d pe care cele dou\u0103 \u0163\u0103ri le-au f\u0103cut \u00een ceea ce prive\u015fte securizarea frontierelor lor. \u00cen orice caz, el s-a declarat convins c\u0103 acestea vor fi finalizate c\u00e2t mai cur\u00e2nd posibil.<\/p>\n<p>Pentru Rom\u00e2nia, decizia de la Budapesta ar veni exact la timp pentru alegerile preziden\u0163iale din 24 noiembrie, care ar putea da un impuls candida\u0163ilor pro-europeni. De asemenea, pentru Magnus Brunner, un \u201eda\u201d pentru aderare ar fi un semnal de conciliere \u00een momentul prelu\u0103rii func\u0163iei de comisar pentru migra\u0163ie. Obstacolele deja recunoscute \u00een aceast\u0103 func\u0163ie sunt oricum destul de mari.<\/p>","protected":false},"excerpt":{"rendered":"<p>Pentru unii, refuzul extinderii Spa\u0163iului Schengen a fost o m\u0103sur\u0103 necesar\u0103 pentru a proteja Austria,&hellip;<\/p>\n","protected":false},"author":0,"featured_media":6728,"comment_status":"open","ping_status":"open","sticky":false,"template":"","format":"standard","meta":{"footnotes":""},"categories":[2],"tags":[],"class_list":["post-6727","post","type-post","status-publish","format-standard","has-post-thumbnail","hentry","category-actual"],"_links":{"self":[{"href":"https:\/\/247stiri.ro\/index.php\/wp-json\/wp\/v2\/posts\/6727","targetHints":{"allow":["GET"]}}],"collection":[{"href":"https:\/\/247stiri.ro\/index.php\/wp-json\/wp\/v2\/posts"}],"about":[{"href":"https:\/\/247stiri.ro\/index.php\/wp-json\/wp\/v2\/types\/post"}],"replies":[{"embeddable":true,"href":"https:\/\/247stiri.ro\/index.php\/wp-json\/wp\/v2\/comments?post=6727"}],"version-history":[{"count":0,"href":"https:\/\/247stiri.ro\/index.php\/wp-json\/wp\/v2\/posts\/6727\/revisions"}],"wp:featuredmedia":[{"embeddable":true,"href":"https:\/\/247stiri.ro\/index.php\/wp-json\/wp\/v2\/media\/6728"}],"wp:attachment":[{"href":"https:\/\/247stiri.ro\/index.php\/wp-json\/wp\/v2\/media?parent=6727"}],"wp:term":[{"taxonomy":"category","embeddable":true,"href":"https:\/\/247stiri.ro\/index.php\/wp-json\/wp\/v2\/categories?post=6727"},{"taxonomy":"post_tag","embeddable":true,"href":"https:\/\/247stiri.ro\/index.php\/wp-json\/wp\/v2\/tags?post=6727"}],"curies":[{"name":"wp","href":"https:\/\/api.w.org\/{rel}","templated":true}]}}