{"id":6737,"date":"2024-11-12T22:06:28","date_gmt":"2024-11-12T22:06:28","guid":{"rendered":"https:\/\/247stiri.ro\/index.php\/2024\/11\/12\/accident-pe-dn1-un-tanar-de-doar-22-de-ani-a-murit-pe-loc-dupa-ce-s-a-izbit-violent-cu-masina-de-o-pasarela-pietonala\/"},"modified":"2024-11-12T22:06:28","modified_gmt":"2024-11-12T22:06:28","slug":"accident-pe-dn1-un-tanar-de-doar-22-de-ani-a-murit-pe-loc-dupa-ce-s-a-izbit-violent-cu-masina-de-o-pasarela-pietonala","status":"publish","type":"post","link":"https:\/\/247stiri.ro\/index.php\/2024\/11\/12\/accident-pe-dn1-un-tanar-de-doar-22-de-ani-a-murit-pe-loc-dupa-ce-s-a-izbit-violent-cu-masina-de-o-pasarela-pietonala\/","title":{"rendered":"Accident pe DN1. Un t\u00e2n\u0103r de doar 22 de ani a murit pe loc dup\u0103 ce s-a izbit violent cu ma\u0219ina de o pasarel\u0103 pietonal\u0103"},"content":{"rendered":"<p>Un t\u00e2n\u0103r de doar 22 de ani \u0219i-a pierdut via\u021ba mar\u021bi sear\u0103, 12 noiembrie, \u00eentr-un accident de circula\u021bie \u00een Bucure\u0219ti, dup\u0103 ce a intrat cu ma\u0219ina \u00eentr-o pasarel\u0103 pietonal\u0103.<\/p>\n<p>\u201dLa data de 12.11.2024, \u00een jurul orei 21.20, Brigada Rutier\u0103 a fost sesizat\u0103 prin apel 112 cu privire la producerea unui accident rutier la intersec\u0163ia dintre \u015eos. Bucure\u015fti-Ploie\u015fti \u015fi Aleea Privighetorilor. Din primele informa\u0163ii, un t\u00e2n\u0103r \u00een v\u00e2rst\u0103 de 22 de ani, care se deplasa cu autovehiculul pe \u015eos. Bucure\u0219ti-Ploie\u015fti, dinspre Bd. Aerog\u0103rii c\u0103tre DNCB, \u00een momentul \u00een care a ajuns la intersec\u0163ia cu Aleea Privighetorilor, ar fi pierdut controlul asupra direc\u0163iei de deplasare \u015fi a intrat \u00een coliziune cu pasarela pietonal\u0103\u201d, a transmis, mar\u021bi sear\u0103, 12 noiembrie, Brigada Rutier\u0103 a Capitalei.<\/p>\n<p>Sursa citat\u0103 a precizat c\u0103 t\u00e2n\u0103rul a murit \u00een urma accidentului.<\/p>\n<p>\u201dLa acest moment este restric\u0163ionat traficul pe banda 1 de circula\u0163ie pe \u015eos. Bucure\u015fti-Ploie\u015fti, sensul c\u0103tre DNCB. Poli\u0163i\u015ftii Brig\u0103zii Rutiere efectueaz\u0103 cercet\u0103ri \u00een vederea stabilirii cu exactitate a cauzelor \u015fi \u00eemprejur\u0103rilor \u00een care s-a produs accidentul rutier\u201d, a mai transmis sursa citat\u0103.<\/p>","protected":false},"excerpt":{"rendered":"<p>Un t\u00e2n\u0103r de doar 22 de ani \u0219i-a pierdut via\u021ba mar\u021bi sear\u0103, 12 noiembrie, \u00eentr-un&hellip;<\/p>\n","protected":false},"author":0,"featured_media":6738,"comment_status":"open","ping_status":"open","sticky":false,"template":"","format":"standard","meta":{"footnotes":""},"categories":[2],"tags":[],"class_list":["post-6737","post","type-post","status-publish","format-standard","has-post-thumbnail","hentry","category-actual"],"_links":{"self":[{"href":"https:\/\/247stiri.ro\/index.php\/wp-json\/wp\/v2\/posts\/6737","targetHints":{"allow":["GET"]}}],"collection":[{"href":"https:\/\/247stiri.ro\/index.php\/wp-json\/wp\/v2\/posts"}],"about":[{"href":"https:\/\/247stiri.ro\/index.php\/wp-json\/wp\/v2\/types\/post"}],"replies":[{"embeddable":true,"href":"https:\/\/247stiri.ro\/index.php\/wp-json\/wp\/v2\/comments?post=6737"}],"version-history":[{"count":0,"href":"https:\/\/247stiri.ro\/index.php\/wp-json\/wp\/v2\/posts\/6737\/revisions"}],"wp:featuredmedia":[{"embeddable":true,"href":"https:\/\/247stiri.ro\/index.php\/wp-json\/wp\/v2\/media\/6738"}],"wp:attachment":[{"href":"https:\/\/247stiri.ro\/index.php\/wp-json\/wp\/v2\/media?parent=6737"}],"wp:term":[{"taxonomy":"category","embeddable":true,"href":"https:\/\/247stiri.ro\/index.php\/wp-json\/wp\/v2\/categories?post=6737"},{"taxonomy":"post_tag","embeddable":true,"href":"https:\/\/247stiri.ro\/index.php\/wp-json\/wp\/v2\/tags?post=6737"}],"curies":[{"name":"wp","href":"https:\/\/api.w.org\/{rel}","templated":true}]}}