{"id":6740,"date":"2024-11-12T22:06:28","date_gmt":"2024-11-12T22:06:28","guid":{"rendered":"https:\/\/247stiri.ro\/index.php\/2024\/11\/12\/silviu-prigoana-declaratii-despre-statul-paralel-inainte-de-moarte-ai-grija-ca-astia-o-sa-te-faca\/"},"modified":"2024-11-12T22:06:28","modified_gmt":"2024-11-12T22:06:28","slug":"silviu-prigoana-declaratii-despre-statul-paralel-inainte-de-moarte-ai-grija-ca-astia-o-sa-te-faca","status":"publish","type":"post","link":"https:\/\/247stiri.ro\/index.php\/2024\/11\/12\/silviu-prigoana-declaratii-despre-statul-paralel-inainte-de-moarte-ai-grija-ca-astia-o-sa-te-faca\/","title":{"rendered":"Silviu Prigoan\u0103, declara\u021bii despre \u201eStatul Paralel\u201d \u00eenainte de moarte: \u201eAi grij\u0103, c\u0103 \u0103\u0219tia o s\u0103 te fac\u0103\u201d"},"content":{"rendered":"<p>Prigoan\u0103 a povestit despre o situa\u021bie legat\u0103 de colegii s\u0103i din industria de salubrizare, care i-au relatat experien\u021be cu avoca\u021bi ce \u00eencercau s\u0103 ob\u021bin\u0103 influen\u021b\u0103 asupra companiilor. \u201eMi-au spus pove\u0219tile cu avoca\u021bii care c\u0103utau la vorbitor s\u0103 v\u00e2nd\u0103 companiile\u201d, a spus acesta, suger\u00e2nd c\u0103 presiunile erau puternice \u0219i constant exercitate.<\/p>\n<p>Un moment esen\u021bial din m\u0103rturia lui Prigoan\u0103 a fost amintirea unei conversa\u021bii telefonice cu omul de afaceri Florian Walter, care l-a avertizat direct: \u201eSilviu, ai grij\u0103, c\u0103 \u0103\u0219tia o s\u0103 te fac\u0103 cum m-au f\u0103cut \u0219i pe mine\u201d. De\u0219i Prigoan\u0103 nu a \u00een\u021beles pe deplin contextul avertismentului, a r\u0103mas nelini\u0219tit de perspectiva c\u0103 ar putea deveni victima acelora\u0219i mecanisme obscure pe care Walter le sim\u021bise pe pielea sa.<\/p>\n<p>Interviul aici:<\/p>\n<p><a href=\"https:\/\/www.realitatea.net\/stiri\/actual\/cum-a-fost-preluata-realitatea-tv-de-la-silviu-prigoana-dezvaluirile-lui-catalin-hideg-cine-la-nenorocit_6733c73d196f77507561ce23\" target=\"_blank\" rel=\"noopener\">Cum a fost preluat\u0103 Realitatea TV de la Silviu Prigoan\u0103: dezv\u0103luirile lui C\u0103t\u0103lin Hideg! Cine \u201eL-A NENOROCIT\u201d<\/a><\/p>","protected":false},"excerpt":{"rendered":"<p>Prigoan\u0103 a povestit despre o situa\u021bie legat\u0103 de colegii s\u0103i din industria de salubrizare, care&hellip;<\/p>\n","protected":false},"author":0,"featured_media":6741,"comment_status":"open","ping_status":"open","sticky":false,"template":"","format":"standard","meta":{"footnotes":""},"categories":[2],"tags":[],"class_list":["post-6740","post","type-post","status-publish","format-standard","has-post-thumbnail","hentry","category-actual"],"_links":{"self":[{"href":"https:\/\/247stiri.ro\/index.php\/wp-json\/wp\/v2\/posts\/6740","targetHints":{"allow":["GET"]}}],"collection":[{"href":"https:\/\/247stiri.ro\/index.php\/wp-json\/wp\/v2\/posts"}],"about":[{"href":"https:\/\/247stiri.ro\/index.php\/wp-json\/wp\/v2\/types\/post"}],"replies":[{"embeddable":true,"href":"https:\/\/247stiri.ro\/index.php\/wp-json\/wp\/v2\/comments?post=6740"}],"version-history":[{"count":0,"href":"https:\/\/247stiri.ro\/index.php\/wp-json\/wp\/v2\/posts\/6740\/revisions"}],"wp:featuredmedia":[{"embeddable":true,"href":"https:\/\/247stiri.ro\/index.php\/wp-json\/wp\/v2\/media\/6741"}],"wp:attachment":[{"href":"https:\/\/247stiri.ro\/index.php\/wp-json\/wp\/v2\/media?parent=6740"}],"wp:term":[{"taxonomy":"category","embeddable":true,"href":"https:\/\/247stiri.ro\/index.php\/wp-json\/wp\/v2\/categories?post=6740"},{"taxonomy":"post_tag","embeddable":true,"href":"https:\/\/247stiri.ro\/index.php\/wp-json\/wp\/v2\/tags?post=6740"}],"curies":[{"name":"wp","href":"https:\/\/api.w.org\/{rel}","templated":true}]}}