{"id":6743,"date":"2024-11-12T22:06:29","date_gmt":"2024-11-12T22:06:29","guid":{"rendered":"https:\/\/247stiri.ro\/index.php\/2024\/11\/12\/culisele-statului-paralel-dorin-cocos-lui-silviu-prigoana-i-s-au-tras-toate-relele-de-la-faptul-ca-a-fost-mult-prea-apropiat-de-elena-udrea-fosta-mea-sotie\/"},"modified":"2024-11-12T22:06:29","modified_gmt":"2024-11-12T22:06:29","slug":"culisele-statului-paralel-dorin-cocos-lui-silviu-prigoana-i-s-au-tras-toate-relele-de-la-faptul-ca-a-fost-mult-prea-apropiat-de-elena-udrea-fosta-mea-sotie","status":"publish","type":"post","link":"https:\/\/247stiri.ro\/index.php\/2024\/11\/12\/culisele-statului-paralel-dorin-cocos-lui-silviu-prigoana-i-s-au-tras-toate-relele-de-la-faptul-ca-a-fost-mult-prea-apropiat-de-elena-udrea-fosta-mea-sotie\/","title":{"rendered":"Culisele Statului Paralel. Dorin Coco\u0219: \u201eLui Silviu Prigoan\u0103 i s-au tras toate relele de la faptul c\u0103 a fost mult prea apropiat de Elena Udrea,\u00a0fosta\u00a0mea\u00a0so\u021bie\u201d"},"content":{"rendered":"<p>Dorin Coco\u0219 este \u0219ocat de vestea mor\u021bii lui Silviu Prigoan\u0103, crez\u00e2nd ini\u021bial c\u0103 este o glum\u0103. Omul de afaceri l-a numit pe Prigoan\u0103 \u201eun tat\u0103 \u0219i un prieten extraordinar\u201d. Fostul so\u021b al Elenei Udrea a mai vorbit despre faptul c\u0103 cei din apropierea lui Traian B\u0103sescu, printre care \u00eensu\u0219i Silviu Prigoan\u0103, Dorin Coco\u0219, dar \u0219i al\u021bi oameni de afaceri au ajuns la pu\u0219c\u0103rie, fiindu-le confiscate afacerile.<\/p>\n<p>\u201eLui Silviu i s-au tras toate relele de la faptul c\u0103 a fost mult prea apropiat de Elena Udrea, fosta mea so\u021bie. Dac\u0103 v\u0103 face\u021bi aminte, \u00een 2012 el a candidat \u00een locul ei, la Prim\u0103ria Capitalei, pentru c\u0103 pe vremea aia, fiind c\u0103storit, m\u0103 mai asculta pu\u021bin Elena ce \u00eensemna politica. \u0218i i-am spus, vezi c\u0103 tu nu ai sus\u021binerea partidului \u0219i Oprescu o s\u0103 o s\u0103 te fac\u0103 praf \u0219i atunci el s-a oferit s\u0103racul s\u0103 candideze \u00een locul ei.<\/p>\n<p>Dup\u0103 ce noi am divor\u021bat, ea a \u021binut o rela\u021bie mult mai apropiat\u0103 cu Silviu \u0219i, nu \u0219tiu dac\u0103 \u0219ti\u021bi, a cununat pe unul dintre copiii lui. Dar p\u0103rerea mea c\u0103 acest lucru lui i-a d\u0103unat. Eu i-am spus dup\u0103 ce am ie\u0219it din arestul central c\u0103 noi ne-am v\u0103zut foarte des.<\/p>\n<p>Eu am fost la botezul copilului lui, el la botezul copilului meu, am vrut s\u0103 facem \u0219i o televiziune \u00eempreun\u0103 pe la Mohamed, prin Floreasca, pe acolo, am vrut s\u0103 facem prin 2010-2011, ceva de genul \u0103sta. \u0218i am spus, b\u0103 Silviu, delimiteaz\u0103-te de ce a fost, pentru ce mi s-a \u00eent\u00e2mplat mie \u0219i n-a vrut s\u0103 \u00een\u021beleag\u0103. \u0218i drept dovad\u0103, uita\u021bi ce i s-a \u00eent\u00e2mplat.<\/p>\n<p>Dar de el, ce s\u0103 spun, un om extraordinar, un suflet de om mare, un tat\u0103 bun, un prieten adev\u0103rat. Nu mai am cuvinte de laud\u0103 ce s\u0103 spun, dar n-a vrut s\u0103 \u00een\u021beleag\u0103. \u0218i uita\u021bi ce i s-a \u00eent\u00e2mplat \u0219i p\u0103rerea mea c\u0103 \u0219i el a fost lucrat de aceea\u0219i binom, trinom, nici nu mai \u0219tiu cum Dumnezeu s\u0103-l mai numesc, care ne-a lucrat pe to\u021bi, uita\u021bi-v\u0103, de-a lungul timpului, ce s-a \u00eent\u00e2mplat cu cei care au fost \u00een tab\u0103ra domnului pre\u0219edinte B\u0103sescu. Nu numai ei din lumea de afaceri, uita\u021bi-v\u0103, Gheorghe \u0218tefan, Sorin Popescu, Marin Anton, to\u021bi, pu\u0219c\u0103rie, pu\u0219c\u0103rie, pu\u0219c\u0103rie. Oameni de afaceri care au fost \u00een apropierea domnului pre\u0219edinte.<\/p>\n<p>Pu\u0219c\u0103rie, pu\u0219c\u0103rie, sau luate afacerile \u0219i uita\u021bi-v\u0103, s\u0103racul om, c\u0103 la un moment dat \u00een disperare, cred c\u0103 chestia asta l-o fi marcat\u0103. Dumnezeu mai \u0219tie ce s-o fi \u00eent\u00e2mplat\u0103 \u00een sufletul lui, c\u0103 el nu era, el era un tip foarte vesel.\u201d, a declarat Dorin Coco\u0219, \u00een cadrul emisiunii Culisele Statului Paralel.<\/p>","protected":false},"excerpt":{"rendered":"<p>Dorin Coco\u0219 este \u0219ocat de vestea mor\u021bii lui Silviu Prigoan\u0103, crez\u00e2nd ini\u021bial c\u0103 este o&hellip;<\/p>\n","protected":false},"author":0,"featured_media":6744,"comment_status":"open","ping_status":"open","sticky":false,"template":"","format":"standard","meta":{"footnotes":""},"categories":[2],"tags":[],"class_list":["post-6743","post","type-post","status-publish","format-standard","has-post-thumbnail","hentry","category-actual"],"_links":{"self":[{"href":"https:\/\/247stiri.ro\/index.php\/wp-json\/wp\/v2\/posts\/6743","targetHints":{"allow":["GET"]}}],"collection":[{"href":"https:\/\/247stiri.ro\/index.php\/wp-json\/wp\/v2\/posts"}],"about":[{"href":"https:\/\/247stiri.ro\/index.php\/wp-json\/wp\/v2\/types\/post"}],"replies":[{"embeddable":true,"href":"https:\/\/247stiri.ro\/index.php\/wp-json\/wp\/v2\/comments?post=6743"}],"version-history":[{"count":0,"href":"https:\/\/247stiri.ro\/index.php\/wp-json\/wp\/v2\/posts\/6743\/revisions"}],"wp:featuredmedia":[{"embeddable":true,"href":"https:\/\/247stiri.ro\/index.php\/wp-json\/wp\/v2\/media\/6744"}],"wp:attachment":[{"href":"https:\/\/247stiri.ro\/index.php\/wp-json\/wp\/v2\/media?parent=6743"}],"wp:term":[{"taxonomy":"category","embeddable":true,"href":"https:\/\/247stiri.ro\/index.php\/wp-json\/wp\/v2\/categories?post=6743"},{"taxonomy":"post_tag","embeddable":true,"href":"https:\/\/247stiri.ro\/index.php\/wp-json\/wp\/v2\/tags?post=6743"}],"curies":[{"name":"wp","href":"https:\/\/api.w.org\/{rel}","templated":true}]}}