{"id":6749,"date":"2024-11-12T22:06:30","date_gmt":"2024-11-12T22:06:30","guid":{"rendered":"https:\/\/247stiri.ro\/index.php\/2024\/11\/12\/eduard-martin-finul-lui-silviu-prigoana-proprietarul-polaris-constanta-demasca-pentru-prima-data-cum-actiona-statul-paralel-ca-sa-puna-mana-pe-companiile-din-salubritate\/"},"modified":"2024-11-12T22:06:30","modified_gmt":"2024-11-12T22:06:30","slug":"eduard-martin-finul-lui-silviu-prigoana-proprietarul-polaris-constanta-demasca-pentru-prima-data-cum-actiona-statul-paralel-ca-sa-puna-mana-pe-companiile-din-salubritate","status":"publish","type":"post","link":"https:\/\/247stiri.ro\/index.php\/2024\/11\/12\/eduard-martin-finul-lui-silviu-prigoana-proprietarul-polaris-constanta-demasca-pentru-prima-data-cum-actiona-statul-paralel-ca-sa-puna-mana-pe-companiile-din-salubritate\/","title":{"rendered":"Eduard Martin, finul lui Silviu Prigoan\u0103, proprietarul Polaris Constan\u021ba, demasc\u0103, pentru prima dat\u0103, cum ac\u021biona statul paralel ca s\u0103 pun\u0103 m\u00e2na pe companiile din salubritate"},"content":{"rendered":"<p>Eduard Martin, spune c\u0103 Silviu Prigoan\u0103 era ab\u0103tut, p\u0103rea c\u0103 se teme de ceva anume, de\u0219i niciodat\u0103 nu a declarat motivul.<\/p>\n<p>\u00a0<\/p>\n<p>\u201eEu am vorbit mult cu Silviu, dar am fost mai discret cu problemele mele \u00een justi\u021bie, dar cu el am vorbit, \u00eemi aduc aminte c\u0103 mi-a adus la arest m\u00e2ncarea f\u0103cut\u0103 de m\u00e2na lui. Asta poate spune multe despre caracterul acestui om, care a plecat sup\u0103rat dintre noi. Era sup\u0103rat c\u0103 toat\u0103 munca de-o via\u021b\u0103 s-a n\u0103ruit dintr-o dat\u0103 \u0219i bizar. Nu a vrut s\u0103 vorbeasc\u0103, poate doar la dumneavoastr\u0103 la TV, dar suferin\u021ba lui era prezent\u0103. Noi \u00eencercam s\u0103 \u00eel scoatem din aceste situa\u021bii, s\u0103-l aducem unde a fost odat\u0103, \u0219i la cine a fost. A fost un mare om de afaceri, cu o perseveren\u021b\u0103 rar\u0103, care a deschis afaceri de ni\u0219\u0103. El z\u00e2mbea \u00een permanen\u021b\u0103, era un om puternic, dar avea tr\u0103iri intense care l-au m\u0103cinat. Afacerea i-a fost preluat\u0103 ostil. Tactica era preluarea acestor companii dup\u0103 sc\u0103derea valorii lor. Cum fac ei asta? Formularea unor acuza\u021bii, halucinante, dar aparent grave, la adresa companiilor. Acestea nu mai puteau fi finan\u021bate de b\u0103nci, nu mai existau pe pia\u021b\u0103 moral, ci doar scriptic.<\/p>\n<p>\u00a0<\/p>\n<p><a href=\"https:\/\/www.realitatea.net\/stiri\/actual\/culisele-statului-paralel-catalin-hideg-dezvaluiri-despre-executarea-lui-silviu-prigoana-cum-a-fost-lucrat-de-statul-paralel_6733b47044f77520b453e912\" target=\"_blank\" rel=\"noopener\">Culisele Statului Paralel. C\u0103t\u0103lin Hideg, dezv\u0103luiri despre \u201eexecutarea\u201d lui Silviu Prigoan\u0103: Cum a fost \u201elucrat\u201d de statul paralel<\/a><\/p>\n<p>Iar astfel erau preluate pe bani pu\u021bini de cei care organizau a\u0219a ceva. Eu am pl\u0103tit la bugetul de stat \u00een toat\u0103 perioada de existen\u021b\u0103 a firmei mele 200 de milioane de euro. Am primit, \u201ela schimb\u201d, o celul\u0103 la subsolul arestului, plin\u0103 de mucegai \u0219i ni\u0219te \u0219obolani la pachet, drept \u201er\u0103splat\u0103\u201d pentru contribu\u021bia mea la bugetul statului. Du\u0219manul meu a fost invizibil, e greu s\u0103 \u00eel g\u0103se\u0219ti pe beneficiarul final ale acestor ac\u021biuni. \u0218tiu persoanele care au ac\u021bionat \u00eempotriva mea. \u0218tiu cine a f\u0103cut, dar nu am reu\u0219it s\u0103 aflu p\u00e2n\u0103 acum beneficiarul final. Am stat 3 luni \u00een arest. S-a vrut preluarea afacerii la o valoare extrem de mic\u0103. Directorul general al firmei a fost contactat de \u201eni\u0219te b\u0103ie\u021bi\u201d c\u0103 vor s\u0103 cumpere compania. Atunci le-am spus se duc\u0103 la munc\u0103, pentru c\u0103 prefer s-o distrug eu, dec\u00e2t s\u0103 las compania prad\u0103 altora. \u00cen perioada de arest preventiv am fost mutat la sec\u021bia din Ferentari, acolo unde a fost \u0219i colonelul Daniel Dragomir. Am stat \u00een aceea\u0219i celul\u0103 cu bolnavi de HIV \u0219i cu droga\u021bii. Eu \u00eenc\u0103 nu m-am decis s\u0103 vorbesc prin ce am trecut. Completul de 5 judec\u0103tori mi-a f\u0103cut totu\u0219i dreptate. Silviu Prigoan\u0103 nu a trecut chiar prin astfel de situa\u021bii, dar \u00een ultimii 8 ani de zile a fost un om \u00eenfrico\u0219at de lucrurile pe care le \u0219tia. I-am spus s\u0103 ias\u0103 \u0219i s\u0103 se reapuce de afaceri, am avut discu\u021bii \u00een contradictoriu. Azi diminea\u021b\u0103, la 9 \u0219i un sfert, mi-a trimis un mesaj pentru feti\u021ba mea care a \u00eemplinit 12 ani. L-am sim\u021bit c\u0103 \u00eei este fric\u0103 s\u0103 ias\u0103 din cas\u0103.<\/p>\n<p><a href=\"https:\/\/www.realitatea.net\/stiri\/actual\/primele-informatii-furnizate-de-medici-dupa-moartea-lui-silviu-prigoana-i-sa-facut-rau-imediat-ce-a-ajuns-in-restaurant_67339d210a46f64f3501fed2\" target=\"_blank\" rel=\"noopener\">Primele informa\u021bii furnizate de medici dup\u0103 moartea lui Silviu Prigoan\u0103. I s-a f\u0103cut r\u0103u imediat ce a ajuns \u00een restaurant<\/a><\/p>\n<p>Cred c\u0103 de la sup\u0103r\u0103ri a f\u0103cut infarct. \u0218i-a v\u0103zut munca de o via\u021b\u0103 furat\u0103. Eu am fost arestat preventiv, am fost chemat la DNA \u0219i c\u00e2nd s-a stabilit c\u0103 se va semna aceast\u0103 tranzac\u021bie cu firma mea, mi-au pus c\u0103tu\u0219ele. Trebuia s\u0103 semnez un contract de 14 milioane de euro. Pe mine m-au sunat partenerii \u0219i nu r\u0103spundeam la telefon. Am f\u0103cut anun\u021bul pe Facebook, iar dup\u0103 15 minute am primit cita\u021bie. Am fost \u021binut pe holurile DNA p\u00e2n\u0103 c\u00e2nd partenerul meu de afaceri a anun\u021bat public c\u0103 va semna tranzac\u021bia, iar apoi am fost \u00eenc\u0103tu\u0219at. Nu po\u021bi aresta un om de afaceri c\u0103 s\u0103 \u00eel \u00eempiedici s\u0103 semneze o tranzac\u021bie Au fost implicate \u0219i servicii str\u0103ine din alt\u0103 \u021bar\u0103 partener\u0103 ca s\u0103 distrug\u0103 Polaris\u201d, a declarat Eduard Martin la Realitatea Plus. \u00a0<\/p>\n<p>\u00a0<\/p>\n<p>\u00a0<\/p>\n<p>\u00a0<\/p>\n<p>\u00a0<\/p>\n<p>\u00a0<\/p>\n<p>\u00a0<\/p>\n<p>\u00a0<\/p>\n<p>\u00a0<\/p>\n<p>\u00a0<\/p>\n<p>\u00a0<\/p>\n<p>\u00a0<\/p>\n<p>\u00a0<\/p>\n<p>\u00a0<\/p>\n<p>\u00a0<\/p>\n<p>\u00a0<\/p>\n<p>\u00a0<\/p>\n<p>\u00a0<\/p>","protected":false},"excerpt":{"rendered":"<p>Eduard Martin, spune c\u0103 Silviu Prigoan\u0103 era ab\u0103tut, p\u0103rea c\u0103 se teme de ceva anume,&hellip;<\/p>\n","protected":false},"author":0,"featured_media":6750,"comment_status":"open","ping_status":"open","sticky":false,"template":"","format":"standard","meta":{"footnotes":""},"categories":[2],"tags":[],"class_list":["post-6749","post","type-post","status-publish","format-standard","has-post-thumbnail","hentry","category-actual"],"_links":{"self":[{"href":"https:\/\/247stiri.ro\/index.php\/wp-json\/wp\/v2\/posts\/6749","targetHints":{"allow":["GET"]}}],"collection":[{"href":"https:\/\/247stiri.ro\/index.php\/wp-json\/wp\/v2\/posts"}],"about":[{"href":"https:\/\/247stiri.ro\/index.php\/wp-json\/wp\/v2\/types\/post"}],"replies":[{"embeddable":true,"href":"https:\/\/247stiri.ro\/index.php\/wp-json\/wp\/v2\/comments?post=6749"}],"version-history":[{"count":0,"href":"https:\/\/247stiri.ro\/index.php\/wp-json\/wp\/v2\/posts\/6749\/revisions"}],"wp:featuredmedia":[{"embeddable":true,"href":"https:\/\/247stiri.ro\/index.php\/wp-json\/wp\/v2\/media\/6750"}],"wp:attachment":[{"href":"https:\/\/247stiri.ro\/index.php\/wp-json\/wp\/v2\/media?parent=6749"}],"wp:term":[{"taxonomy":"category","embeddable":true,"href":"https:\/\/247stiri.ro\/index.php\/wp-json\/wp\/v2\/categories?post=6749"},{"taxonomy":"post_tag","embeddable":true,"href":"https:\/\/247stiri.ro\/index.php\/wp-json\/wp\/v2\/tags?post=6749"}],"curies":[{"name":"wp","href":"https:\/\/api.w.org\/{rel}","templated":true}]}}