{"id":6751,"date":"2024-11-12T23:21:22","date_gmt":"2024-11-12T23:21:22","guid":{"rendered":"https:\/\/247stiri.ro\/index.php\/2024\/11\/12\/culisele-statului-paralel-silviu-prigoana-planuia-sa-revina-in-politica-ultimele-marturii-despre-proiectele-sale\/"},"modified":"2024-11-12T23:21:22","modified_gmt":"2024-11-12T23:21:22","slug":"culisele-statului-paralel-silviu-prigoana-planuia-sa-revina-in-politica-ultimele-marturii-despre-proiectele-sale","status":"publish","type":"post","link":"https:\/\/247stiri.ro\/index.php\/2024\/11\/12\/culisele-statului-paralel-silviu-prigoana-planuia-sa-revina-in-politica-ultimele-marturii-despre-proiectele-sale\/","title":{"rendered":"Culisele Statului Paralel. Silviu Prigoan\u0103 pl\u0103nuia s\u0103 revin\u0103 \u00een politic\u0103: Ultimele m\u0103rturii despre proiectele sale"},"content":{"rendered":"<p>\u201eBine\u00een\u021beles, dar nu ast\u0103zi\u201d, a spus Silviu Prigoan\u0103, referindu-se la revenirea \u00een politic\u0103. \u201eMai am \u00eenc\u0103 de terminat ni\u0219te proiecte. Cam doi ani de zile dureaz\u0103\u201d. Omul de afaceri a precizat c\u0103 lucreaz\u0103 la finalizarea unor proiecte importante, inclusiv aspecte legate de familie \u0219i de business.<\/p>\n<p>Prigoan\u0103 a men\u021bionat c\u0103 a\u0219tepta ca cei doi fii ai s\u0103i s\u0103 \u00eemplineasc\u0103 v\u00e2rsta de 18 ani, ceea ce i-ar fi permis s\u0103 \u00ee\u0219i \u00eendeplineasc\u0103 responsabilit\u0103\u021bile de tat\u0103 f\u0103r\u0103 a avea grija c\u0103 angajamentele sale politice ar putea afecta stabilitatea familiei.<\/p>\n<p><a href=\"https:\/\/www.realitatea.net\/stiri\/actual\/silviu-prigoana-declaratii-despre-statul-paralel-inainte-de-moarte-ai-grija-ca-astia-o-sa-te-faca_6733cd908eb01159e91bf46b\" target=\"_blank\" rel=\"noopener\">Silviu Prigoan\u0103, declara\u021bii despre \u201eStatul Paralel\u201d \u00eenainte de moarte: \u201eAi grij\u0103, c\u0103 \u0103\u0219tia o s\u0103 te fac\u0103\u201d<\/a><\/p>\n<p>Interviul aici:<\/p>","protected":false},"excerpt":{"rendered":"<p>\u201eBine\u00een\u021beles, dar nu ast\u0103zi\u201d, a spus Silviu Prigoan\u0103, referindu-se la revenirea \u00een politic\u0103. \u201eMai am&hellip;<\/p>\n","protected":false},"author":0,"featured_media":6752,"comment_status":"open","ping_status":"open","sticky":false,"template":"","format":"standard","meta":{"footnotes":""},"categories":[2],"tags":[],"class_list":["post-6751","post","type-post","status-publish","format-standard","has-post-thumbnail","hentry","category-actual"],"_links":{"self":[{"href":"https:\/\/247stiri.ro\/index.php\/wp-json\/wp\/v2\/posts\/6751","targetHints":{"allow":["GET"]}}],"collection":[{"href":"https:\/\/247stiri.ro\/index.php\/wp-json\/wp\/v2\/posts"}],"about":[{"href":"https:\/\/247stiri.ro\/index.php\/wp-json\/wp\/v2\/types\/post"}],"replies":[{"embeddable":true,"href":"https:\/\/247stiri.ro\/index.php\/wp-json\/wp\/v2\/comments?post=6751"}],"version-history":[{"count":0,"href":"https:\/\/247stiri.ro\/index.php\/wp-json\/wp\/v2\/posts\/6751\/revisions"}],"wp:featuredmedia":[{"embeddable":true,"href":"https:\/\/247stiri.ro\/index.php\/wp-json\/wp\/v2\/media\/6752"}],"wp:attachment":[{"href":"https:\/\/247stiri.ro\/index.php\/wp-json\/wp\/v2\/media?parent=6751"}],"wp:term":[{"taxonomy":"category","embeddable":true,"href":"https:\/\/247stiri.ro\/index.php\/wp-json\/wp\/v2\/categories?post=6751"},{"taxonomy":"post_tag","embeddable":true,"href":"https:\/\/247stiri.ro\/index.php\/wp-json\/wp\/v2\/tags?post=6751"}],"curies":[{"name":"wp","href":"https:\/\/api.w.org\/{rel}","templated":true}]}}