{"id":6782,"date":"2024-11-13T07:04:13","date_gmt":"2024-11-13T07:04:13","guid":{"rendered":"https:\/\/247stiri.ro\/index.php\/2024\/11\/13\/carmen-harra-declaratie-naucitoare-despre-moartea-lui-silviu-prigoana-era-predestinat-sa-aiba-un-sfarsit-ciudat\/"},"modified":"2024-11-13T07:04:13","modified_gmt":"2024-11-13T07:04:13","slug":"carmen-harra-declaratie-naucitoare-despre-moartea-lui-silviu-prigoana-era-predestinat-sa-aiba-un-sfarsit-ciudat","status":"publish","type":"post","link":"https:\/\/247stiri.ro\/index.php\/2024\/11\/13\/carmen-harra-declaratie-naucitoare-despre-moartea-lui-silviu-prigoana-era-predestinat-sa-aiba-un-sfarsit-ciudat\/","title":{"rendered":"Carmen Harra, declara\u021bie n\u0103ucitoare despre moartea lui Silviu Prigoan\u0103: Era predestinat s\u0103 aib\u0103 un sf\u00e2r\u0219it ciudat"},"content":{"rendered":"<p>Carmen Harra a transmis pentru pres\u0103 c\u0103 cifra destinului pe care o avea Silviu Prigoan\u0103 era 8 \u0219i c\u0103 afaceristul a murit pentru c\u0103 se afla \u00een anul mor\u021bii.<\/p>\n<p>Dac\u0103 ar fi dep\u0103\u0219it ziua de na\u0219tere, 22 decembrie, Prigoan\u0103 ar fi tr\u0103it, spune clarv\u0103z\u0103toarea, p\u00e2n\u0103 la peste 80 de ani.<\/p>\n<p>De asemenea, Harra este de p\u0103rere c\u0103 mul\u021bi oameni mor \u00een preajma zilei de na\u0219tere.<\/p>\n<p><a href=\"https:\/\/www.realitatea.net\/stiri\/actual\/a-murit-silviu-prigoana-robert-turcescu-nu-pot-sa-cred-sunt-in-stare-de-soc-mircea-dinescu_6733665b89f1ce1a7379f8da\" target=\"_blank\">A murit Silviu Prigoana! Robert Turcescu: Nu pot s\u0103 cred, sunt \u00een stare de \u0219oc. Mircea Dinescu: Am fost ca fra\u021bii, la un moment dat<\/a><\/p>\n<p>\u201eNu a dep\u0103\u0219it punctul karmic, a murit sub inciden\u021ba cifrei 4. Dac\u0103 ar fi trecut peste acest punct karmic ar fi tr\u0103it p\u00e2n\u0103 la 80 \u0219i ceva de ani, dar era predestinat s\u0103 aib\u0103 un sf\u00e2r\u0219it ciudat\u201d, a transmis Carmen Harra.\u00a0<\/p>\n<p><a href=\"https:\/\/www.realitatea.net\/stiri\/lifestyle\/carmen-harra-previziune-socanta-despre-lupta-pentru-putere-ce-se-intampla-in-cazul-demisiei-lui-iohannis_65a3ba74d3f3f512b353f442\" target=\"_blank\">Carmen Harra, previziune \u0219ocant\u0103 despre lupta pentru putere. Ce se \u00eent\u00e2mpl\u0103 \u00een cazul demisiei lui Iohannis?<\/a><\/p>","protected":false},"excerpt":{"rendered":"<p>Carmen Harra a transmis pentru pres\u0103 c\u0103 cifra destinului pe care o avea Silviu Prigoan\u0103&hellip;<\/p>\n","protected":false},"author":0,"featured_media":6783,"comment_status":"open","ping_status":"open","sticky":false,"template":"","format":"standard","meta":{"footnotes":""},"categories":[2],"tags":[],"class_list":["post-6782","post","type-post","status-publish","format-standard","has-post-thumbnail","hentry","category-actual"],"_links":{"self":[{"href":"https:\/\/247stiri.ro\/index.php\/wp-json\/wp\/v2\/posts\/6782","targetHints":{"allow":["GET"]}}],"collection":[{"href":"https:\/\/247stiri.ro\/index.php\/wp-json\/wp\/v2\/posts"}],"about":[{"href":"https:\/\/247stiri.ro\/index.php\/wp-json\/wp\/v2\/types\/post"}],"replies":[{"embeddable":true,"href":"https:\/\/247stiri.ro\/index.php\/wp-json\/wp\/v2\/comments?post=6782"}],"version-history":[{"count":0,"href":"https:\/\/247stiri.ro\/index.php\/wp-json\/wp\/v2\/posts\/6782\/revisions"}],"wp:featuredmedia":[{"embeddable":true,"href":"https:\/\/247stiri.ro\/index.php\/wp-json\/wp\/v2\/media\/6783"}],"wp:attachment":[{"href":"https:\/\/247stiri.ro\/index.php\/wp-json\/wp\/v2\/media?parent=6782"}],"wp:term":[{"taxonomy":"category","embeddable":true,"href":"https:\/\/247stiri.ro\/index.php\/wp-json\/wp\/v2\/categories?post=6782"},{"taxonomy":"post_tag","embeddable":true,"href":"https:\/\/247stiri.ro\/index.php\/wp-json\/wp\/v2\/tags?post=6782"}],"curies":[{"name":"wp","href":"https:\/\/api.w.org\/{rel}","templated":true}]}}