{"id":6794,"date":"2024-11-13T07:56:07","date_gmt":"2024-11-13T07:56:07","guid":{"rendered":"https:\/\/247stiri.ro\/index.php\/2024\/11\/13\/nicolae-ciuca-sunt-un-candidat-cu-profesie-nu-de-profesie-de-ce-ciolacu-si-a-facut-un-calcul-gresit\/"},"modified":"2024-11-13T07:56:07","modified_gmt":"2024-11-13T07:56:07","slug":"nicolae-ciuca-sunt-un-candidat-cu-profesie-nu-de-profesie-de-ce-ciolacu-si-a-facut-un-calcul-gresit","status":"publish","type":"post","link":"https:\/\/247stiri.ro\/index.php\/2024\/11\/13\/nicolae-ciuca-sunt-un-candidat-cu-profesie-nu-de-profesie-de-ce-ciolacu-si-a-facut-un-calcul-gresit\/","title":{"rendered":"Nicolae Ciuc\u0103: Sunt un candidat cu profesie, nu de profesie. De ce Ciolacu \u0219i-a f\u0103cut un calcul gre\u0219it"},"content":{"rendered":"<p>Nicolae Ciuc\u0103 a declarat c\u0103, \u00een perioada \u00een care a fost premier, rom\u00e2nii din diaspora au trimis \u00een \u021bar\u0103 suma de 11,3 miliarde de euro, o valoare echivalent\u0103 cu suma pe care Rom\u00e2nia a reu\u0219it s\u0103 o absoarb\u0103 din fondurile europene.<\/p>\n<p>\u201eFaptul c\u0103 am o deschidere cu SUA se datoreaz\u0103 profesiei mele de militar, toate activit\u0103\u021bile conexe de-a lungul carierei, e o form\u0103 de respect. Rela\u021biile cu SUA sunt esen\u021biale pentru \u021bara noastr\u0103\u201d, a pus Nicolae Ciuc\u0103, la un post TV.<\/p>\n<p>Liberalul a afirmat c\u0103 se bucur\u0103 de sprijinul PNL \u0219i al primarilor pentru a continua implementarea proiectelor promovate de liberali.<\/p>\n<p>\u201eE foarte posibil s\u0103 avem un nou PSD care s\u0103 intre \u00een opozi\u021bie. Vom face un guvern cu celelalte partide de dreapta\u201d, a spus liderul PNL.<\/p>\n<p>\u201eMihai Tudose vrea la guvern. Victor Ponta vrea \u0219i PSD, \u0219i Guvernul. Doar c\u0103 rom\u00e2nii v\u0103d, simt \u0219i au intui\u021bie\u201d, a ad\u0103ugat acesta.<\/p>","protected":false},"excerpt":{"rendered":"<p>Nicolae Ciuc\u0103 a declarat c\u0103, \u00een perioada \u00een care a fost premier, rom\u00e2nii din diaspora&hellip;<\/p>\n","protected":false},"author":0,"featured_media":6795,"comment_status":"open","ping_status":"open","sticky":false,"template":"","format":"standard","meta":{"footnotes":""},"categories":[3],"tags":[],"class_list":["post-6794","post","type-post","status-publish","format-standard","has-post-thumbnail","hentry","category-politica"],"_links":{"self":[{"href":"https:\/\/247stiri.ro\/index.php\/wp-json\/wp\/v2\/posts\/6794","targetHints":{"allow":["GET"]}}],"collection":[{"href":"https:\/\/247stiri.ro\/index.php\/wp-json\/wp\/v2\/posts"}],"about":[{"href":"https:\/\/247stiri.ro\/index.php\/wp-json\/wp\/v2\/types\/post"}],"replies":[{"embeddable":true,"href":"https:\/\/247stiri.ro\/index.php\/wp-json\/wp\/v2\/comments?post=6794"}],"version-history":[{"count":0,"href":"https:\/\/247stiri.ro\/index.php\/wp-json\/wp\/v2\/posts\/6794\/revisions"}],"wp:featuredmedia":[{"embeddable":true,"href":"https:\/\/247stiri.ro\/index.php\/wp-json\/wp\/v2\/media\/6795"}],"wp:attachment":[{"href":"https:\/\/247stiri.ro\/index.php\/wp-json\/wp\/v2\/media?parent=6794"}],"wp:term":[{"taxonomy":"category","embeddable":true,"href":"https:\/\/247stiri.ro\/index.php\/wp-json\/wp\/v2\/categories?post=6794"},{"taxonomy":"post_tag","embeddable":true,"href":"https:\/\/247stiri.ro\/index.php\/wp-json\/wp\/v2\/tags?post=6794"}],"curies":[{"name":"wp","href":"https:\/\/api.w.org\/{rel}","templated":true}]}}