{"id":6848,"date":"2024-11-13T09:53:15","date_gmt":"2024-11-13T09:53:15","guid":{"rendered":"https:\/\/247stiri.ro\/index.php\/2024\/11\/13\/marcel-ciolacu-statul-a-inteles-ca-trebuie-sa-investeasca-in-educatie-in-invatamantul-dual-si-in-sanatate\/"},"modified":"2024-11-13T09:53:15","modified_gmt":"2024-11-13T09:53:15","slug":"marcel-ciolacu-statul-a-inteles-ca-trebuie-sa-investeasca-in-educatie-in-invatamantul-dual-si-in-sanatate","status":"publish","type":"post","link":"https:\/\/247stiri.ro\/index.php\/2024\/11\/13\/marcel-ciolacu-statul-a-inteles-ca-trebuie-sa-investeasca-in-educatie-in-invatamantul-dual-si-in-sanatate\/","title":{"rendered":"Marcel Ciolacu: Statul a \u00een\u021beles c\u0103 trebuie s\u0103 investeasc\u0103 \u00een educa\u021bie, \u00een \u00eenv\u0103\u021b\u0103m\u00e2ntul dual \u0219i \u00een s\u0103n\u0103tate"},"content":{"rendered":"<p>&#8222;\u00cemp\u0103rt\u0103\u0219esc bucuria c\u0103, \u00een sf\u00e2r\u0219it, statul rom\u00e2n se implic\u0103 \u0219i a \u00een\u021beles c\u0103 identitatea \u0219i valorile nu le po\u021bi conserva f\u0103r\u0103 s\u0103 fie o leg\u0103tur\u0103 clar\u0103 \u00eentre comunitate, biseric\u0103 \u0219i tradi\u021biile noastre.<\/p>\n<p>Este pentru prima oar\u0103 c\u00e2nd statul a \u00een\u021beles c\u0103 trebuie s\u0103 investeasc\u0103 \u00een educa\u021bie, \u00een \u00eenv\u0103\u021b\u0103m\u00e2ntul dual \u0219i \u00een s\u0103n\u0103tate. \u00a0 \u00a0 \u00a0 \u00a0\u00a0<\/p>\n<p>Doar prin servicii de calitate, putem spera c\u0103 rom\u00e2nii vor alege s\u0103 revin\u0103 acas\u0103. Pentru cei care doresc s\u0103 se \u00eentoarc\u0103 \u00een \u021bar\u0103 avem obliga\u021bia s\u0103 \u00eei ajut\u0103m prin programe de sprijin, menite s\u0103 le fac\u0103 tranzi\u021bia mai u\u0219oar\u0103 sau s\u0103 \u00eei sus\u021bin\u0103 \u00een deschiderea unei afaceri \u00een \u021bar\u0103. \u00a0<\/p>\n<p>Cu voia lui Dumnezeu vom g\u0103si calea care s\u0103 ne uneasc\u0103!&#8221;, le-a transmis Marcel Ciolacu oamenilor.\u00a0<\/p>\n\n<p>Premierul Marcel Ciolacu se afl\u0103 \u00eentr-o vizit\u0103 de lucru \u00een Regatul Unit al Marii Britanii \u015fi Irlandei de Nord, prilej cu care va participa la Forumul Economic Rom\u00e2nia-Marea Britanie.<\/p>\n<p>Este prima vizit\u0103 a unui prim-ministru rom\u00e2n \u00een Regatul Unit al Marii Britanii \u015fi Irlandei de Nord dup\u0103 17 ani.<\/p>\n<p>Ciolacu va avea \u00eentrevederi, miercuri, cu premierul britanic, Keir Starmer, cu pre\u015fedintele Camerei Comunelor, Sir Lindsay Hoyle, \u015fi cu Lordul Primar al Londrei, Alastair King.<\/p>\n<p>CMF 31240010<\/p>","protected":false},"excerpt":{"rendered":"<p>&#8222;\u00cemp\u0103rt\u0103\u0219esc bucuria c\u0103, \u00een sf\u00e2r\u0219it, statul rom\u00e2n se implic\u0103 \u0219i a \u00een\u021beles c\u0103 identitatea \u0219i&hellip;<\/p>\n","protected":false},"author":0,"featured_media":6849,"comment_status":"open","ping_status":"open","sticky":false,"template":"","format":"standard","meta":{"footnotes":""},"categories":[3],"tags":[],"class_list":["post-6848","post","type-post","status-publish","format-standard","has-post-thumbnail","hentry","category-politica"],"_links":{"self":[{"href":"https:\/\/247stiri.ro\/index.php\/wp-json\/wp\/v2\/posts\/6848","targetHints":{"allow":["GET"]}}],"collection":[{"href":"https:\/\/247stiri.ro\/index.php\/wp-json\/wp\/v2\/posts"}],"about":[{"href":"https:\/\/247stiri.ro\/index.php\/wp-json\/wp\/v2\/types\/post"}],"replies":[{"embeddable":true,"href":"https:\/\/247stiri.ro\/index.php\/wp-json\/wp\/v2\/comments?post=6848"}],"version-history":[{"count":0,"href":"https:\/\/247stiri.ro\/index.php\/wp-json\/wp\/v2\/posts\/6848\/revisions"}],"wp:featuredmedia":[{"embeddable":true,"href":"https:\/\/247stiri.ro\/index.php\/wp-json\/wp\/v2\/media\/6849"}],"wp:attachment":[{"href":"https:\/\/247stiri.ro\/index.php\/wp-json\/wp\/v2\/media?parent=6848"}],"wp:term":[{"taxonomy":"category","embeddable":true,"href":"https:\/\/247stiri.ro\/index.php\/wp-json\/wp\/v2\/categories?post=6848"},{"taxonomy":"post_tag","embeddable":true,"href":"https:\/\/247stiri.ro\/index.php\/wp-json\/wp\/v2\/tags?post=6848"}],"curies":[{"name":"wp","href":"https:\/\/api.w.org\/{rel}","templated":true}]}}