{"id":689,"date":"2024-10-21T19:09:23","date_gmt":"2024-10-21T19:09:23","guid":{"rendered":"https:\/\/247stiri.ro\/index.php\/2024\/10\/21\/corina-cretu-numita-de-marcel-ciolacu-intr-o-functie-importanta-decizia-este-oficiala\/"},"modified":"2024-10-21T19:09:23","modified_gmt":"2024-10-21T19:09:23","slug":"corina-cretu-numita-de-marcel-ciolacu-intr-o-functie-importanta-decizia-este-oficiala","status":"publish","type":"post","link":"https:\/\/247stiri.ro\/index.php\/2024\/10\/21\/corina-cretu-numita-de-marcel-ciolacu-intr-o-functie-importanta-decizia-este-oficiala\/","title":{"rendered":"Corina Cre\u021bu, numit\u0103 de Marcel Ciolacu \u00eentr-o func\u021bie important\u0103. Decizia este oficial\u0103"},"content":{"rendered":"<p>Corina Cre\u021bu a fost numit\u0103 \u00een pozi\u021bia de pre\u0219edinte interimar al Agen\u021biei pentru Monitorizarea \u0219i Evaluarea Performan\u021belor \u00centreprinderilor Publice. AMEPIP func\u021bioneaz\u0103 \u00een subordinea Guvernului \u0219i va supraveghea institu\u021biile de stat din Rom\u00e2nia, potrivit Mediafax.<\/p>\n<p>\u00a0Cre\u021bu a fost numit\u0103 \u00een pozi\u021bia de pre\u0219edinte interimar al Agen\u021biei pentru Monitorizarea \u0219i Evaluarea Performan\u021belor \u00centreprinderilor Publice. AMEPIP func\u021bioneaz\u0103 \u00een subordinea Guvernului \u0219i va supraveghea institu\u021biile de stat din Rom\u00e2nia.<\/p>\n<p>\u00a0\u201eMul\u021bumesc Primului-Ministru pentru \u00eencredere \u0219i sunt convins\u0103 ca vom reu\u0219i, \u00eempreun\u0103 cu Guvernul, s\u0103 facem pa\u0219i \u00eenainte \u00een procesul de modernizare a Rom\u00e2niei\u201d, a transmis Corina Cre\u021bu pe Facebook.\u00a0\u00a0\u00cen trecut, Corina Cre\u021bu a fost europarlamentar \u0219i comisar european.<\/p>\n<p>\u00cenfiin\u021barea AMEPIP este dintre reformele asumate de Rom\u00e2nia \u00een PNRR considerate \u00eenc\u0103 ne\u00eendeplinite de c\u0103tre Comisia European\u0103. Astfel, aceast\u0103 reform\u0103 este una dintre cele care \u00eenc\u0103 blocheaz\u0103 cererea de plat\u0103 num\u0103rul 3 din PNRR, \u00een valoare de 2 miliarde de euro.<\/p>\n<p>\u00a0<\/p>","protected":false},"excerpt":{"rendered":"<p>Corina Cre\u021bu a fost numit\u0103 \u00een pozi\u021bia de pre\u0219edinte interimar al Agen\u021biei pentru Monitorizarea \u0219i&hellip;<\/p>\n","protected":false},"author":0,"featured_media":679,"comment_status":"open","ping_status":"open","sticky":false,"template":"","format":"standard","meta":{"footnotes":""},"categories":[2],"tags":[],"class_list":["post-689","post","type-post","status-publish","format-standard","has-post-thumbnail","hentry","category-actual"],"_links":{"self":[{"href":"https:\/\/247stiri.ro\/index.php\/wp-json\/wp\/v2\/posts\/689","targetHints":{"allow":["GET"]}}],"collection":[{"href":"https:\/\/247stiri.ro\/index.php\/wp-json\/wp\/v2\/posts"}],"about":[{"href":"https:\/\/247stiri.ro\/index.php\/wp-json\/wp\/v2\/types\/post"}],"replies":[{"embeddable":true,"href":"https:\/\/247stiri.ro\/index.php\/wp-json\/wp\/v2\/comments?post=689"}],"version-history":[{"count":0,"href":"https:\/\/247stiri.ro\/index.php\/wp-json\/wp\/v2\/posts\/689\/revisions"}],"wp:featuredmedia":[{"embeddable":true,"href":"https:\/\/247stiri.ro\/index.php\/wp-json\/wp\/v2\/media\/679"}],"wp:attachment":[{"href":"https:\/\/247stiri.ro\/index.php\/wp-json\/wp\/v2\/media?parent=689"}],"wp:term":[{"taxonomy":"category","embeddable":true,"href":"https:\/\/247stiri.ro\/index.php\/wp-json\/wp\/v2\/categories?post=689"},{"taxonomy":"post_tag","embeddable":true,"href":"https:\/\/247stiri.ro\/index.php\/wp-json\/wp\/v2\/tags?post=689"}],"curies":[{"name":"wp","href":"https:\/\/api.w.org\/{rel}","templated":true}]}}