{"id":6902,"date":"2024-11-13T12:32:25","date_gmt":"2024-11-13T12:32:25","guid":{"rendered":"https:\/\/247stiri.ro\/index.php\/2024\/11\/13\/legaturile-lui-simion-cu-serviciile-secrete-ale-rusiei-confirmate-de-seful-comisiei-de-control-a-sri-din-parlament\/"},"modified":"2024-11-13T12:32:25","modified_gmt":"2024-11-13T12:32:25","slug":"legaturile-lui-simion-cu-serviciile-secrete-ale-rusiei-confirmate-de-seful-comisiei-de-control-a-sri-din-parlament","status":"publish","type":"post","link":"https:\/\/247stiri.ro\/index.php\/2024\/11\/13\/legaturile-lui-simion-cu-serviciile-secrete-ale-rusiei-confirmate-de-seful-comisiei-de-control-a-sri-din-parlament\/","title":{"rendered":"Leg\u0103turile lui Simion cu serviciile secrete ale Rusiei, confirmate de \u0219eful Comisiei de control a SRI din Parlament"},"content":{"rendered":"<p>\u0218eful Comisiei de control a SRI a explicat astfel motivele care au determinat Republica Moldova \u0219i Ucraina s\u0103-i aplice lui George Simion de la AUR interdic\u021bia de a intra pe teritoriile acestor state.<\/p>\n<p>Chirte\u0219 a spus de asemenea c\u0103 George Simion a \u00eencercat \u00een urm\u0103 cu mai mul\u021bi ani s\u0103 deturneze diverse manifesta\u021bii electorale de la Chi\u0219in\u0103u, suger\u00e2nd c\u0103 aceste interven\u021bii serveau agenda Rusiei \u00een Republica Moldova.<\/p>\n<p>Acuza\u021biile \u0219efului Comisiei de control a SRI vin s\u0103 confirme declara\u021biile f\u0103cute de europarlamentarul Cristian Terhe\u0219, care a precizat c\u0103 exist\u0103 \u00eenregistr\u0103ri ale serviciilor de informa\u021bii ucrainene privind \u00eent\u00e2lniri ale lui Simion cu ofi\u021beri ai serviciilor de informa\u021bii ruse\u0219ti, pe teritoriul Ucrainei. Terhe\u0219 a spus c\u0103 aceste dovezi au ajuns inclusiv la Bruxelles, pe filier\u0103 polonez\u0103, \u00een urma colabor\u0103rii dintre autorit\u0103\u021bile de la Kiev \u0219i Var\u0219ovia.<\/p>\n<p>Astfel de acuza\u021bii \u00eempotriva liderului AUR au fost formulate \u0219i de c\u0103tre fostul ministru al Ap\u0103r\u0103rii din Republica Moldova, Anatol \u0218alaru. \u0218alaru s-a interesat \u00een trecut de motivele pentru care George Simion are interdic\u021bie de intrare \u00een Republica Moldova \u0219i a primit confirmarea c\u0103 aceast\u0103 interdic\u021bie se datoreaz\u0103 leg\u0103turilor cu Moscova.<\/p>","protected":false},"excerpt":{"rendered":"<p>\u0218eful Comisiei de control a SRI a explicat astfel motivele care au determinat Republica Moldova&hellip;<\/p>\n","protected":false},"author":0,"featured_media":6903,"comment_status":"open","ping_status":"open","sticky":false,"template":"","format":"standard","meta":{"footnotes":""},"categories":[3],"tags":[],"class_list":["post-6902","post","type-post","status-publish","format-standard","has-post-thumbnail","hentry","category-politica"],"_links":{"self":[{"href":"https:\/\/247stiri.ro\/index.php\/wp-json\/wp\/v2\/posts\/6902","targetHints":{"allow":["GET"]}}],"collection":[{"href":"https:\/\/247stiri.ro\/index.php\/wp-json\/wp\/v2\/posts"}],"about":[{"href":"https:\/\/247stiri.ro\/index.php\/wp-json\/wp\/v2\/types\/post"}],"replies":[{"embeddable":true,"href":"https:\/\/247stiri.ro\/index.php\/wp-json\/wp\/v2\/comments?post=6902"}],"version-history":[{"count":0,"href":"https:\/\/247stiri.ro\/index.php\/wp-json\/wp\/v2\/posts\/6902\/revisions"}],"wp:featuredmedia":[{"embeddable":true,"href":"https:\/\/247stiri.ro\/index.php\/wp-json\/wp\/v2\/media\/6903"}],"wp:attachment":[{"href":"https:\/\/247stiri.ro\/index.php\/wp-json\/wp\/v2\/media?parent=6902"}],"wp:term":[{"taxonomy":"category","embeddable":true,"href":"https:\/\/247stiri.ro\/index.php\/wp-json\/wp\/v2\/categories?post=6902"},{"taxonomy":"post_tag","embeddable":true,"href":"https:\/\/247stiri.ro\/index.php\/wp-json\/wp\/v2\/tags?post=6902"}],"curies":[{"name":"wp","href":"https:\/\/api.w.org\/{rel}","templated":true}]}}