{"id":6964,"date":"2024-11-13T14:44:49","date_gmt":"2024-11-13T14:44:49","guid":{"rendered":"https:\/\/247stiri.ro\/index.php\/2024\/11\/13\/accident-rutier-cumplit-in-mures-o-masina-s-a-izbit-de-un-copac-apoi-a-cazut-in-parau\/"},"modified":"2024-11-13T14:44:49","modified_gmt":"2024-11-13T14:44:49","slug":"accident-rutier-cumplit-in-mures-o-masina-s-a-izbit-de-un-copac-apoi-a-cazut-in-parau","status":"publish","type":"post","link":"https:\/\/247stiri.ro\/index.php\/2024\/11\/13\/accident-rutier-cumplit-in-mures-o-masina-s-a-izbit-de-un-copac-apoi-a-cazut-in-parau\/","title":{"rendered":"Accident RUTIER cumplit \u00een Mure\u0219! O ma\u0219in\u0103 s-a izbit de un copac, apoi a c\u0103zut \u00een p\u00e2r\u00e2u"},"content":{"rendered":"<p>Ce au transmis oamenii legii<\/p>\n<p><a href=\"https:\/\/www.realitatea.net\/stiri\/extern\/patru-tineri-au-ars-de-vii-blocati-in-masina-fabricata-de-elon-musk-autoturismul-sa-sigilat-si-a-devenit-o-capcana-a-mortii_673481ad355f163a0f2a9082\" target=\"_blank\">Potrivit informa\u021biilor furnizate<\/a> de Poli\u021bia Mure\u0219, accidentul a avut loc \u00een jurul pr\u00e2nzului, iar \u00een urma impactului violent, vehiculul s-a r\u0103sturnat \u0219i a ajuns \u00eentr-un p\u00e2r\u00e2u. T\u00e2n\u0103ra \u0219oferi\u021b\u0103, \u00een v\u00e2rst\u0103 de 21 de ani \u0219i din comuna Ib\u0103ne\u0219ti, se \u00eendrepta c\u0103tre municipiul Reghin, dar a pierdut controlul volanului, iar ma\u0219ina a lovit un copac \u00eenainte de a c\u0103dea \u00eentr-o zon\u0103 joas\u0103, unde a fost g\u0103sit\u0103 ulterior.<\/p>\n<p>Din p\u0103cate, <a href=\"https:\/\/www.realitatea.net\/stiri\/actual\/accident-rutier-in-pasajul-unirii-din-capitala-un-tanar-de-23-de-ani-a-pierdut-controlul-volanului_673462155ec22f43a825c1c8\" target=\"_blank\">\u00een urma accidentului,<\/a> pasagera din autoturism, o femeie de 75 de ani, a decedat. Ea era din aceea\u0219i localitate cu \u0219oferi\u021ba. De asemenea, t\u00e2n\u0103ra de la volan a fost r\u0103nit\u0103 u\u0219or \u0219i a fost transportat\u0103 la spital pentru \u00eengrijiri medicale \u0219i investiga\u021bii suplimentare. \u00cen urma test\u0103rii alcoolscopice, rezultatul a fost negativ, confirm\u00e2nd c\u0103 \u0219oferi\u021ba nu consumase alcool.<\/p>\n<p>Poli\u021bia Mure\u0219 a demarat o anchet\u0103 pentru a stabili cauzele exacte ale accidentului, iar cercet\u0103rile continu\u0103 \u00eentr-un dosar penal de ucidere din culp\u0103 \u0219i v\u0103t\u0103mare corporal\u0103 din culp\u0103. Autorit\u0103\u021bile sunt \u00een continuare \u00een faza de colectare a probelor \u0219i a declara\u021biilor martorilor.<\/p>","protected":false},"excerpt":{"rendered":"<p>Ce au transmis oamenii legii Potrivit informa\u021biilor furnizate de Poli\u021bia Mure\u0219, accidentul a avut loc&hellip;<\/p>\n","protected":false},"author":0,"featured_media":6965,"comment_status":"open","ping_status":"open","sticky":false,"template":"","format":"standard","meta":{"footnotes":""},"categories":[2],"tags":[],"class_list":["post-6964","post","type-post","status-publish","format-standard","has-post-thumbnail","hentry","category-actual"],"_links":{"self":[{"href":"https:\/\/247stiri.ro\/index.php\/wp-json\/wp\/v2\/posts\/6964","targetHints":{"allow":["GET"]}}],"collection":[{"href":"https:\/\/247stiri.ro\/index.php\/wp-json\/wp\/v2\/posts"}],"about":[{"href":"https:\/\/247stiri.ro\/index.php\/wp-json\/wp\/v2\/types\/post"}],"replies":[{"embeddable":true,"href":"https:\/\/247stiri.ro\/index.php\/wp-json\/wp\/v2\/comments?post=6964"}],"version-history":[{"count":0,"href":"https:\/\/247stiri.ro\/index.php\/wp-json\/wp\/v2\/posts\/6964\/revisions"}],"wp:featuredmedia":[{"embeddable":true,"href":"https:\/\/247stiri.ro\/index.php\/wp-json\/wp\/v2\/media\/6965"}],"wp:attachment":[{"href":"https:\/\/247stiri.ro\/index.php\/wp-json\/wp\/v2\/media?parent=6964"}],"wp:term":[{"taxonomy":"category","embeddable":true,"href":"https:\/\/247stiri.ro\/index.php\/wp-json\/wp\/v2\/categories?post=6964"},{"taxonomy":"post_tag","embeddable":true,"href":"https:\/\/247stiri.ro\/index.php\/wp-json\/wp\/v2\/tags?post=6964"}],"curies":[{"name":"wp","href":"https:\/\/api.w.org\/{rel}","templated":true}]}}