{"id":6984,"date":"2024-11-13T15:46:50","date_gmt":"2024-11-13T15:46:50","guid":{"rendered":"https:\/\/247stiri.ro\/index.php\/2024\/11\/13\/intalnire-importanta-la-casa-alba-intre-donald-trump-si-joe-biden-melania-trump-nu-se-va-intalni-insa-cu-prima-doamna-jill-biden\/"},"modified":"2024-11-13T15:46:50","modified_gmt":"2024-11-13T15:46:50","slug":"intalnire-importanta-la-casa-alba-intre-donald-trump-si-joe-biden-melania-trump-nu-se-va-intalni-insa-cu-prima-doamna-jill-biden","status":"publish","type":"post","link":"https:\/\/247stiri.ro\/index.php\/2024\/11\/13\/intalnire-importanta-la-casa-alba-intre-donald-trump-si-joe-biden-melania-trump-nu-se-va-intalni-insa-cu-prima-doamna-jill-biden\/","title":{"rendered":"\u00cent\u00e2lnire important\u0103 la Casa Alb\u0103 \u00eentre Donald Trump \u0219i Joe Biden. Melania Trump nu se va \u00eent\u00e2lni \u00eens\u0103 cu prima-doamn\u0103 Jill Biden"},"content":{"rendered":"<p>Trump este, de asemenea, a\u015fteptat s\u0103 se al\u0103ture conferin\u0163ei republicanilor din Camera Reprezentan\u0163ilor \u00eempreun\u0103 cu Elon Musk, potrivit unei surse.<\/p>\n<p>Pre\u015fedintele democrat Joe Biden urmeaz\u0103 s\u0103 \u00ee\u015fi primeasc\u0103 predecesorul \u015fi succesorul republican la ora local\u0103 11:00 (18:00, ora Rom\u00e2niei), \u00een Biroul Oval, pe care pre\u015fedintele \u00een v\u00e2rst\u0103 de 78 de ani \u00eel va ocupa pentru a doua oar\u0103 dup\u0103 ce va depune jur\u0103m\u00e2ntul la 20 ianuarie.<\/p>\n<p>Trump a aterizat la Washington cu pu\u0163in \u00eenainte de ora local\u0103 09:30.<\/p>\n<p>Biroul fostei \u015fi viitoarei prime-doamne Melania Trump a confirmat c\u0103 aceasta nu inten\u0163ioneaz\u0103 s\u0103 participe la \u00eent\u00e2lnirea obi\u015fnuit\u0103 cu prima-doamn\u0103 Jill Biden, miercuri, la Casa Alb\u0103, \u00een timp ce so\u0163ii lor se \u00eent\u00e2lnesc \u00een Biroul Oval<\/p>\n<p>\u201eDoamna Trump nu va participa la \u00eent\u00e2lnirea de ast\u0103zi de la Casa Alb\u0103. \u00centoarcerea so\u0163ului ei \u00een Biroul Oval pentru a \u00eencepe procesul de tranzi\u0163ie este \u00eencurajatoare, iar ea \u00eei dore\u015fte mult succes\u201d, a declarat biroul ei \u00eentr-o postare pe X.<\/p>\n<p>Potrivit presei interna\u021bionale, este pu\u0163in probabil ca Melania Trump s\u0103 se mute la Casa Alb\u0103 cu norm\u0103 \u00eentreag\u0103 atunci c\u00e2nd so\u0163ul ei va prelua func\u0163ia \u00een ianuarie \u015fi c\u0103 este probabil ca ea s\u0103 \u00ee\u015fi petreac\u0103 majoritatea timpului \u00eentre New York \u015fi Palm Beach.<\/p>","protected":false},"excerpt":{"rendered":"<p>Trump este, de asemenea, a\u015fteptat s\u0103 se al\u0103ture conferin\u0163ei republicanilor din Camera Reprezentan\u0163ilor \u00eempreun\u0103 cu&hellip;<\/p>\n","protected":false},"author":0,"featured_media":6975,"comment_status":"open","ping_status":"open","sticky":false,"template":"","format":"standard","meta":{"footnotes":""},"categories":[2],"tags":[],"class_list":["post-6984","post","type-post","status-publish","format-standard","has-post-thumbnail","hentry","category-actual"],"_links":{"self":[{"href":"https:\/\/247stiri.ro\/index.php\/wp-json\/wp\/v2\/posts\/6984","targetHints":{"allow":["GET"]}}],"collection":[{"href":"https:\/\/247stiri.ro\/index.php\/wp-json\/wp\/v2\/posts"}],"about":[{"href":"https:\/\/247stiri.ro\/index.php\/wp-json\/wp\/v2\/types\/post"}],"replies":[{"embeddable":true,"href":"https:\/\/247stiri.ro\/index.php\/wp-json\/wp\/v2\/comments?post=6984"}],"version-history":[{"count":0,"href":"https:\/\/247stiri.ro\/index.php\/wp-json\/wp\/v2\/posts\/6984\/revisions"}],"wp:featuredmedia":[{"embeddable":true,"href":"https:\/\/247stiri.ro\/index.php\/wp-json\/wp\/v2\/media\/6975"}],"wp:attachment":[{"href":"https:\/\/247stiri.ro\/index.php\/wp-json\/wp\/v2\/media?parent=6984"}],"wp:term":[{"taxonomy":"category","embeddable":true,"href":"https:\/\/247stiri.ro\/index.php\/wp-json\/wp\/v2\/categories?post=6984"},{"taxonomy":"post_tag","embeddable":true,"href":"https:\/\/247stiri.ro\/index.php\/wp-json\/wp\/v2\/tags?post=6984"}],"curies":[{"name":"wp","href":"https:\/\/api.w.org\/{rel}","templated":true}]}}