{"id":6999,"date":"2024-11-13T16:58:58","date_gmt":"2024-11-13T16:58:58","guid":{"rendered":"https:\/\/247stiri.ro\/index.php\/2024\/11\/13\/scapam-de-temperaturile-cu-minus-cand-se-va-incalzi-din-nou-vremea-ce-spun-meteorologii-de-la-anm\/"},"modified":"2024-11-13T16:58:58","modified_gmt":"2024-11-13T16:58:58","slug":"scapam-de-temperaturile-cu-minus-cand-se-va-incalzi-din-nou-vremea-ce-spun-meteorologii-de-la-anm","status":"publish","type":"post","link":"https:\/\/247stiri.ro\/index.php\/2024\/11\/13\/scapam-de-temperaturile-cu-minus-cand-se-va-incalzi-din-nou-vremea-ce-spun-meteorologii-de-la-anm\/","title":{"rendered":"Sc\u0103p\u0103m de temperaturile cu minus. C\u00e2nd se va \u00eenc\u0103lzi din nou vremea. Ce spun meteorologii de la ANM"},"content":{"rendered":"<p>\u00centrebat\u0103 c\u00e2t timp va \u021bine acest episod de iarn\u0103, Elena Mateescu a spus: \u201eP\u00e2n\u0103 la finalul s\u0103pt\u0103m\u00e2nii, cel pu\u021bin p\u00e2n\u0103 s\u00e2mb\u0103t\u0103 vorbim despre temperaturi ce vor caracteriza \u00een continuare o vreme rece pentru perioada din calendar, av\u00e2nd \u00een vedere regimul de temperaturi cu maxime de 2 p\u00e2n\u0103 la cel mult 10-12 grade, \u00een special \u00een partea de vest, sud-vest a \u021b\u0103rii, \u00eens\u0103 minimele sunt preponderent negative, \u00een special \u00een regiunile centrale \u0219i nordice, cu 2-3 grade \u00een zonele mai joase de relief din partea de sud a \u021b\u0103rii.<\/p>\n<p>Din punctul de vedere al precipita\u021biilor este posibil s\u0103 mai consemn\u0103m precipita\u021bii slabe sub form\u0103 de ploaie \u00een cea mai mare parte a Dobrogei, \u00een Muntenia \u0219i nu \u00een ultimul r\u00e2nd \u0219i \u00een Maramure\u0219, Transilvania \u0219i nordul Moldovei, \u0219i, posibil, la altitudini mari s\u0103 mai consemn\u0103m \u0219i precipita\u021bii sub form\u0103 de ninsoare, dar cu prec\u0103dere \u00een Carpa\u021bii Orientali. V\u00e2ntul va avea intensific\u0103ri \u00een Meridionali \u0219i \u00een Carpa\u021bii de Curbur\u0103, \u00eentre 60-70 de kilometri pe or\u0103 \u0219i p\u00e2n\u0103 la finalul s\u0103pt\u0103m\u00e2nii, a\u0219a cum men\u021bionam, valori ce vor caracteriza o vreme mai rece\u201d, a declarat Elena Mateescu la un post de televiziune.<\/p>\n<p>\u201eDe duminic\u0103 vremea se va \u00eenc\u0103lzi \u00een cea mai mare parte a \u021b\u0103rii. Cont\u0103m deja pe valori \u00eentre 5 grade p\u00e2n\u0103 la 14 grade. Minimele cresc \u0219i ele. Deja este posibil s\u0103 consemn\u0103m 6 grade \u00een partea de sud-vest \u0219i vest a \u021b\u0103rii, la nivelul minimelor, -6 grade \u00een depresiuni. \u0218i \u00een Capital\u0103 vom avea o vreme mai rece p\u00e2n\u0103 la finalul s\u0103pt\u0103m\u00e2nii, cu 6-7 grade cel mult la nivelul maximelor, p\u00e2n\u0103 la valori de 0 grade la nivelul minimelor\u201d, a mai spus Elena Mateescu.<\/p>","protected":false},"excerpt":{"rendered":"<p>\u00centrebat\u0103 c\u00e2t timp va \u021bine acest episod de iarn\u0103, Elena Mateescu a spus: \u201eP\u00e2n\u0103 la&hellip;<\/p>\n","protected":false},"author":0,"featured_media":7000,"comment_status":"open","ping_status":"open","sticky":false,"template":"","format":"standard","meta":{"footnotes":""},"categories":[2],"tags":[],"class_list":["post-6999","post","type-post","status-publish","format-standard","has-post-thumbnail","hentry","category-actual"],"_links":{"self":[{"href":"https:\/\/247stiri.ro\/index.php\/wp-json\/wp\/v2\/posts\/6999","targetHints":{"allow":["GET"]}}],"collection":[{"href":"https:\/\/247stiri.ro\/index.php\/wp-json\/wp\/v2\/posts"}],"about":[{"href":"https:\/\/247stiri.ro\/index.php\/wp-json\/wp\/v2\/types\/post"}],"replies":[{"embeddable":true,"href":"https:\/\/247stiri.ro\/index.php\/wp-json\/wp\/v2\/comments?post=6999"}],"version-history":[{"count":0,"href":"https:\/\/247stiri.ro\/index.php\/wp-json\/wp\/v2\/posts\/6999\/revisions"}],"wp:featuredmedia":[{"embeddable":true,"href":"https:\/\/247stiri.ro\/index.php\/wp-json\/wp\/v2\/media\/7000"}],"wp:attachment":[{"href":"https:\/\/247stiri.ro\/index.php\/wp-json\/wp\/v2\/media?parent=6999"}],"wp:term":[{"taxonomy":"category","embeddable":true,"href":"https:\/\/247stiri.ro\/index.php\/wp-json\/wp\/v2\/categories?post=6999"},{"taxonomy":"post_tag","embeddable":true,"href":"https:\/\/247stiri.ro\/index.php\/wp-json\/wp\/v2\/tags?post=6999"}],"curies":[{"name":"wp","href":"https:\/\/api.w.org\/{rel}","templated":true}]}}