{"id":7002,"date":"2024-11-13T16:58:59","date_gmt":"2024-11-13T16:58:59","guid":{"rendered":"https:\/\/247stiri.ro\/index.php\/2024\/11\/13\/crima-de-la-arad-magistratii-au-decis-toti-cei-trei-suspecti-vor-fi-arestati-preventiv-pentru-30-de-zile\/"},"modified":"2024-11-13T16:58:59","modified_gmt":"2024-11-13T16:58:59","slug":"crima-de-la-arad-magistratii-au-decis-toti-cei-trei-suspecti-vor-fi-arestati-preventiv-pentru-30-de-zile","status":"publish","type":"post","link":"https:\/\/247stiri.ro\/index.php\/2024\/11\/13\/crima-de-la-arad-magistratii-au-decis-toti-cei-trei-suspecti-vor-fi-arestati-preventiv-pentru-30-de-zile\/","title":{"rendered":"Crima de la Arad. Magistra\u021bii au decis: To\u021bi cei trei suspec\u021bi vor fi aresta\u021bi preventiv pentru 30 de zile"},"content":{"rendered":"<p>\u00a0Instan\u021ba a publicat minuta care confirm\u0103 admiterea contesta\u021biei parchetului \u0219i arestarea preventiv\u0103 a celor trei:<\/p>\n<p>\u201eAdmite contesta\u021bia parchetului de pe l\u00e2ng\u0103 curtea de apel Bucure\u0219ti, desfiin\u021beaz\u0103 \u00eencheierea atacat\u0103 \u0219i admite propunerea de arestare pentru to\u021bi 3 de la 13.11.2024 la 12.12.2024\u201d<\/p>\n<p>Ace\u0219tia urmeaz\u0103 s\u0103 fie plasa\u021bi \u00een arest la Arad.<\/p>\n<p><a href=\"https:\/\/www.realitatea.net\/stiri\/actual\/noi-detalii-din-ancheta-masinilor-incendiate-la-arad-piromanul-a-fost-platit-sa-faca-asta-cine-se-afla-in-spatele-sau_67344e9ef8ae18499406cf53\" target=\"_blank\">Noi detalii din ancheta ma\u0219inilor incendiate la Arad. Piromanul a fost PL\u0102TIT s\u0103 fac\u0103 asta: CINE se afl\u0103 \u00een spatele s\u0103u<\/a><\/p>\n<p>Laura B\u00eelcea (fost\u0103 Cri\u0219an) \u0219i doi b\u0103rba\u021bi sunt acuza\u021bi de procurorii Sec\u021biei de Urm\u0103rire Penal\u0103 a Parchetului de pe l\u00e2ng\u0103 \u00cenalta Curte de Casa\u0163ie \u015fi Justi\u0163ie de omor calificat, distrugere \u0219i nerespectarea regimului materiilor explozive \u00een dosarul mor\u021bii omului de afaceri Ioan Cri\u0219an. Cei trei au fost re\u021binu\u021bi la finalul lunii octombrie, \u00eens\u0103 judec\u0103torii Cur\u021bii de Apel Bucure\u0219ti au respins arestarea preventiv\u0103 a acestora, sesiz\u00e2nd\u00a0<a href=\"https:\/\/www.realitatea.net\/stiri\/actual\/fiica-miliardului-ucis-la-arad-si-ceilalti-suspecti-raman-in-libertate-judecatatorii-nu-au-fost-convinsi-de-probele-procurorilor_672d01df1fccb33b105fa102\" target=\"_blank\">caren\u021be grave \u00een anchet\u0103<\/a>.<\/p>\n<p class=\"p1\">\u00cen momentul eliber\u0103rii,\u00a0Laura B\u00eelcea a negat c\u0103 \u0219i-ar fi ucis tat\u0103l, la ie\u0219irea din sala de judecat\u0103.\u00a0De asemenea, fiica omului de afaceri a sus\u021binut c\u0103 nu a virat niciun ban \u00een conturile celor doi b\u0103rba\u021bi care sunt suspecta\u021bi al\u0103turi de ea \u00een acest caz.<\/p>\n<p>Procurorii sus\u021bin c\u0103 ce doi b\u0103rba\u021bi inculpa\u021bi au procurat \u00een 27 mai 2021 un mecanism care putea fi folosit ca detonator \u00eentr-un dispozitiv exploziv improvizat, controlabil prin intermediul telefonului mobil, \u00een care au \u00eencorporat ulterior \u00eenc\u0103rc\u0103tura exploziv\u0103 \u2013 procurat\u0103, de\u021binut\u0103, transportat\u0103 \u0219i folosit\u0103 f\u0103r\u0103 drept \u2013 \u0219i l-au plasat \u00een autoturismul lui Ioan Cri\u0219an.<\/p>\n<p>\u00cen 29 mai 2021, ora 06:59, \u201dac\u021bion\u00e2nd cu premeditare \u0219i din interes material\u201d, l-au detonat de la distan\u021b\u0103 \u00een timp ce victima se deplasa la volanul autoturismului \u00een parcarea magazinului Profi din cartierul Vlaicu din municipiul Arad, precizeaz\u0103 procurorii.<\/p>\n<p><a href=\"https:\/\/www.realitatea.net\/stiri\/actual\/noi-audieri-in-dosarul-asasinatului-din-arad-fiica-omului-de-afaceri-ioan-crisan-si-cei-doi-complici-ajung-in-fata-instantei_672ca05ba802f32821300f14\" target=\"_blank\">Noi audieri \u00een dosarul asasinatului din Arad. Fiica omului de afaceri Ioan Cri\u0219an \u0219i cei doi complici au ajuns din nou \u00een fa\u021ba instan\u021bei<\/a><\/p>\n<p>Inculpa\u021bii ar fi fost instiga\u021bi la comiterea faptei de c\u0103tre Laura B\u00eelcea.<\/p>\n<p>\u201dVictima a decedat ca urmare a exploziei \u0219i incendiului subsecvent, iar autoturismul a fost complet distrus. Prin modul, locul \u0219i mijloacele de s\u0103v\u00e2r\u0219ire, fapta a fost de natur\u0103 s\u0103 pun\u0103 \u00een pericol alte persoane \u0219i bunuri\u201d, se arat\u0103 \u00een comunicatul Ministerului Public.<\/p>","protected":false},"excerpt":{"rendered":"<p>\u00a0Instan\u021ba a publicat minuta care confirm\u0103 admiterea contesta\u021biei parchetului \u0219i arestarea preventiv\u0103 a celor trei:&hellip;<\/p>\n","protected":false},"author":0,"featured_media":7003,"comment_status":"open","ping_status":"open","sticky":false,"template":"","format":"standard","meta":{"footnotes":""},"categories":[2],"tags":[],"class_list":["post-7002","post","type-post","status-publish","format-standard","has-post-thumbnail","hentry","category-actual"],"_links":{"self":[{"href":"https:\/\/247stiri.ro\/index.php\/wp-json\/wp\/v2\/posts\/7002","targetHints":{"allow":["GET"]}}],"collection":[{"href":"https:\/\/247stiri.ro\/index.php\/wp-json\/wp\/v2\/posts"}],"about":[{"href":"https:\/\/247stiri.ro\/index.php\/wp-json\/wp\/v2\/types\/post"}],"replies":[{"embeddable":true,"href":"https:\/\/247stiri.ro\/index.php\/wp-json\/wp\/v2\/comments?post=7002"}],"version-history":[{"count":0,"href":"https:\/\/247stiri.ro\/index.php\/wp-json\/wp\/v2\/posts\/7002\/revisions"}],"wp:featuredmedia":[{"embeddable":true,"href":"https:\/\/247stiri.ro\/index.php\/wp-json\/wp\/v2\/media\/7003"}],"wp:attachment":[{"href":"https:\/\/247stiri.ro\/index.php\/wp-json\/wp\/v2\/media?parent=7002"}],"wp:term":[{"taxonomy":"category","embeddable":true,"href":"https:\/\/247stiri.ro\/index.php\/wp-json\/wp\/v2\/categories?post=7002"},{"taxonomy":"post_tag","embeddable":true,"href":"https:\/\/247stiri.ro\/index.php\/wp-json\/wp\/v2\/tags?post=7002"}],"curies":[{"name":"wp","href":"https:\/\/api.w.org\/{rel}","templated":true}]}}