{"id":7019,"date":"2024-11-13T17:44:46","date_gmt":"2024-11-13T17:44:46","guid":{"rendered":"https:\/\/247stiri.ro\/index.php\/2024\/11\/13\/politistii-care-s-au-plimbat-cu-masina-pe-trotuar-catre-interventie-au-fost-sanctionati-video\/"},"modified":"2024-11-13T17:44:46","modified_gmt":"2024-11-13T17:44:46","slug":"politistii-care-s-au-plimbat-cu-masina-pe-trotuar-catre-interventie-au-fost-sanctionati-video","status":"publish","type":"post","link":"https:\/\/247stiri.ro\/index.php\/2024\/11\/13\/politistii-care-s-au-plimbat-cu-masina-pe-trotuar-catre-interventie-au-fost-sanctionati-video\/","title":{"rendered":"Poli\u021bi\u0219tii care s-au plimbat cu ma\u0219ina pe trotuar c\u0103tre interven\u021bie au fost sanc\u021biona\u021bi VIDEO"},"content":{"rendered":"<p>Dou\u0103 ma\u015fini de poli\u0163ie s-au deplasat c\u0103tre o interven\u0163ie, \u00eentruc\u00e2t ambele au semnalele acustice \u015fi luminoase pornite, \u00eens\u0103 una dintre ma\u015fini merge pe \u015fosea, cealalt\u0103 pe trotuar.<\/p>\n\n<p>\u201d\u00cen urma apari\u0163iei unor imagini \u00een care o autospecial\u0103 de poli\u0163ie circula pe trotuarul unei str\u0103zi din Cluj-Napoca, cu semnalele acustice \u015fi luminoase \u00een func\u0163iune, conducerea Inspectoratului de Poli\u0163ie Jude\u0163ean Cluj a demarat verific\u0103ri pentru a stabili toate circumstan\u0163ele acestui eveniment. \u00cen cazul \u00een care se vor identifica \u00eenc\u0103lc\u0103ri ale legisla\u0163iei \u00een vigoare, vor fi aplicate m\u0103surile legale corespunz\u0103toare\u201d, a transmis, mar\u0163i sear\u0103, Poli\u0163ia Cluj.<\/p>\n<p>\u00a0<\/p>\n<p>\u00cen imaginile postate pe Facebook se vede cum o ma\u015fin\u0103 de poli\u0163ie merge pe trotuar, iar alta pe \u015fosea.<\/p>\n<p>\u201dAbia \u00eei vezi o dat\u0103 la dou\u0103 s\u0103pt\u0103m\u00e2ni \u015fi c\u00e2nd \u00eei vezi ei fac numai t\u00e2mpenii. A\u0163i v\u0103zut c\u0103 a venit \u0103la pe trotuar frate. Abia a \u00eenc\u0103put printre st\u00e2lpi\u015forii \u0103ia doi, dar el a venit pe trotuar, printre oameni (&#8230;) poli\u0163istul \u0103la cu ma\u015fina care a mers pe band\u0103 a \u00eenceput s\u0103 r\u00e2d\u0103, frate, de \u0103la care a mers pe trotuar (&#8230;) Mor oamenii pe drum, dar na, noi ne distr\u0103m\u201d, a afirmat cel care a filmat.<\/p>","protected":false},"excerpt":{"rendered":"<p>Dou\u0103 ma\u015fini de poli\u0163ie s-au deplasat c\u0103tre o interven\u0163ie, \u00eentruc\u00e2t ambele au semnalele acustice \u015fi&hellip;<\/p>\n","protected":false},"author":0,"featured_media":7020,"comment_status":"open","ping_status":"open","sticky":false,"template":"","format":"standard","meta":{"footnotes":""},"categories":[2],"tags":[],"class_list":["post-7019","post","type-post","status-publish","format-standard","has-post-thumbnail","hentry","category-actual"],"_links":{"self":[{"href":"https:\/\/247stiri.ro\/index.php\/wp-json\/wp\/v2\/posts\/7019","targetHints":{"allow":["GET"]}}],"collection":[{"href":"https:\/\/247stiri.ro\/index.php\/wp-json\/wp\/v2\/posts"}],"about":[{"href":"https:\/\/247stiri.ro\/index.php\/wp-json\/wp\/v2\/types\/post"}],"replies":[{"embeddable":true,"href":"https:\/\/247stiri.ro\/index.php\/wp-json\/wp\/v2\/comments?post=7019"}],"version-history":[{"count":0,"href":"https:\/\/247stiri.ro\/index.php\/wp-json\/wp\/v2\/posts\/7019\/revisions"}],"wp:featuredmedia":[{"embeddable":true,"href":"https:\/\/247stiri.ro\/index.php\/wp-json\/wp\/v2\/media\/7020"}],"wp:attachment":[{"href":"https:\/\/247stiri.ro\/index.php\/wp-json\/wp\/v2\/media?parent=7019"}],"wp:term":[{"taxonomy":"category","embeddable":true,"href":"https:\/\/247stiri.ro\/index.php\/wp-json\/wp\/v2\/categories?post=7019"},{"taxonomy":"post_tag","embeddable":true,"href":"https:\/\/247stiri.ro\/index.php\/wp-json\/wp\/v2\/tags?post=7019"}],"curies":[{"name":"wp","href":"https:\/\/api.w.org\/{rel}","templated":true}]}}