{"id":7021,"date":"2024-11-13T17:44:47","date_gmt":"2024-11-13T17:44:47","guid":{"rendered":"https:\/\/247stiri.ro\/index.php\/2024\/11\/13\/spania-lovita-din-nou-de-potop-cod-rosu-emis-pentru-regiunea-andaluzia-scoli-inchise-mai-multe-strazi-au-fost-inghitite-de-ape\/"},"modified":"2024-11-13T17:44:47","modified_gmt":"2024-11-13T17:44:47","slug":"spania-lovita-din-nou-de-potop-cod-rosu-emis-pentru-regiunea-andaluzia-scoli-inchise-mai-multe-strazi-au-fost-inghitite-de-ape","status":"publish","type":"post","link":"https:\/\/247stiri.ro\/index.php\/2024\/11\/13\/spania-lovita-din-nou-de-potop-cod-rosu-emis-pentru-regiunea-andaluzia-scoli-inchise-mai-multe-strazi-au-fost-inghitite-de-ape\/","title":{"rendered":"Spania, lovit\u0103 din nou de potop. COD RO\u0218U emis pentru regiunea Andaluzia: \u0219coli \u00eenchise, mai multe str\u0103zi au fost inghi\u021bite de ape"},"content":{"rendered":"<p>Noi ploi abundente \u015fi furtuni sunt a\u015fteptate la doar dou\u0103 s\u0103pt\u0103m\u00e2ni dup\u0103 dezastrul de la Valencia \u015fi din alte p\u0103r\u0163i ale Spaniei, \u00een care peste 200 de persoane \u015fi-au pierdut via\u0163a \u015fi sute de case \u015fi propriet\u0103\u0163i au fost distruse.<\/p>\n<p>Agen\u0163ia meteo spaniol\u0103 AEMET a emis miercuri diminea\u0163a aten\u021bion\u0103ri cod ro\u015fu pentru estul provinciei Tarragona \u015fi sudul provinciei Malaga, declar\u00e2nd c\u0103 se a\u015fteapt\u0103 ca aici s\u0103 se \u00eenregistreze p\u00e2n\u0103 la 180 de litri pe metru p\u0103trat de ploi toren\u0163iale \u00een decurs de 12 ore, ceea ce ar putea provoca rev\u0103rsarea r\u00e2urilor \u015fi producerea de viituri.<\/p>\n<p>\u00a0<\/p>\n<p>A crescut num\u0103rul rom\u00e2nilor care au murit \u00een urma inunda\u021biilor din Spania<\/p>\n<p>Pentru joi au fost emise coduri portocalii pentru sudul Granadei \u015fi pentru zona de coast\u0103 a Valenciei, de la Denia la Sagunto, unde se preconizeaz\u0103 c\u0103 vor c\u0103dea \u00eentre 40 \u015fi 120 de litri pe metrul p\u0103trat de ploaie.<\/p>\n<p>Pentru Tarragona, Barcelona \u015fi Murcia sunt prognozate \u015fi rafale puternice de v\u00e2nt, ce pot atinge 119 km\/h, \u015fi maree \u00eenalte.<\/p>\n<p>Serviciile de urgen\u0163\u0103 din Malaga au mutat 3.000 de persoane din casele lor, din cauza riscului de a fi inundate, fiind amplaste \u00een apropierea r\u00e2ului Guadalhorce, la vest de ora\u015f, iar \u00een alte zone au cerut cet\u0103\u0163enilor s\u0103 caute ad\u0103post \u00een zone mai \u00eenalte.<\/p>\n<p>Cursurile au fost suspendate \u00een \u015fcolile din Malaga, Valencia \u015fi unele municipalit\u0103\u0163i din Catalonia.<\/p>\n<p>Dou\u0103 linii de metrou au fost \u00eenchise sau par\u0163ial \u00eenchise \u00een Malaga, \u00eempreun\u0103 cu trei autostr\u0103zi considerate a fi expuse riscului de inunda\u0163ii rapide.<\/p>\n<p>\u00cen Valencia, unde guvernul regional \u015fi Crucea Ro\u015fie au distribuit jachete \u015fi p\u0103turi, portul de m\u0103rfuri \u015fi pasageri Gandia a fost \u00eenchis, iar finala turneului de tenis Billie Jean King de la Malaga a fost am\u00e2nat\u0103 pentru vineri.<\/p>\n<p>Ministrul spaniol al Muncii, Yolanda Diaz, \u015fi sindicatele au reamintit lucr\u0103torilor c\u0103 nu sunt obliga\u0163i prin lege s\u0103 mearg\u0103 la munc\u0103, dac\u0103 condi\u0163iile meteorologice nu le permit s\u0103 o fac\u0103 \u00een condi\u0163ii de siguran\u0163\u0103.<\/p>\n<p>M\u0103surile de urgen\u0163\u0103 vin \u00een urma unor critici acerbe, \u00een primul r\u00e2nd la adresa autorit\u0103\u0163ilor locale, dar \u015fi a guvernului na\u0163ional, pentru nivelul de preg\u0103tire \u015fi de avertizare a cet\u0103\u0163enilor cu privire la furtuna din 29 octombrie \u015fi la inunda\u0163iile care au urmat.<\/p>\n<p>Sistemul de furtuni de toamn\u0103 care afecteaz\u0103 Spania este cunoscut la nivel local sub numele de DANA &#8211; o depresiune de mare altitudine &#8211; \u00een care aerul rece \u015fi cel cald se \u00eent\u00e2lnesc \u015fi produc nori de ploaie puternici, un model despre care se crede c\u0103 este din ce \u00een ce mai frecvent din cauza schimb\u0103rilor climatice.<\/p>","protected":false},"excerpt":{"rendered":"<p>Noi ploi abundente \u015fi furtuni sunt a\u015fteptate la doar dou\u0103 s\u0103pt\u0103m\u00e2ni dup\u0103 dezastrul de la&hellip;<\/p>\n","protected":false},"author":0,"featured_media":7012,"comment_status":"open","ping_status":"open","sticky":false,"template":"","format":"standard","meta":{"footnotes":""},"categories":[2],"tags":[],"class_list":["post-7021","post","type-post","status-publish","format-standard","has-post-thumbnail","hentry","category-actual"],"_links":{"self":[{"href":"https:\/\/247stiri.ro\/index.php\/wp-json\/wp\/v2\/posts\/7021","targetHints":{"allow":["GET"]}}],"collection":[{"href":"https:\/\/247stiri.ro\/index.php\/wp-json\/wp\/v2\/posts"}],"about":[{"href":"https:\/\/247stiri.ro\/index.php\/wp-json\/wp\/v2\/types\/post"}],"replies":[{"embeddable":true,"href":"https:\/\/247stiri.ro\/index.php\/wp-json\/wp\/v2\/comments?post=7021"}],"version-history":[{"count":0,"href":"https:\/\/247stiri.ro\/index.php\/wp-json\/wp\/v2\/posts\/7021\/revisions"}],"wp:featuredmedia":[{"embeddable":true,"href":"https:\/\/247stiri.ro\/index.php\/wp-json\/wp\/v2\/media\/7012"}],"wp:attachment":[{"href":"https:\/\/247stiri.ro\/index.php\/wp-json\/wp\/v2\/media?parent=7021"}],"wp:term":[{"taxonomy":"category","embeddable":true,"href":"https:\/\/247stiri.ro\/index.php\/wp-json\/wp\/v2\/categories?post=7021"},{"taxonomy":"post_tag","embeddable":true,"href":"https:\/\/247stiri.ro\/index.php\/wp-json\/wp\/v2\/tags?post=7021"}],"curies":[{"name":"wp","href":"https:\/\/api.w.org\/{rel}","templated":true}]}}