{"id":7022,"date":"2024-11-13T17:44:47","date_gmt":"2024-11-13T17:44:47","guid":{"rendered":"https:\/\/247stiri.ro\/index.php\/2024\/11\/13\/csa-steaua-il-da-in-judecata-pe-mircea-lucescu\/"},"modified":"2024-11-13T17:44:47","modified_gmt":"2024-11-13T17:44:47","slug":"csa-steaua-il-da-in-judecata-pe-mircea-lucescu","status":"publish","type":"post","link":"https:\/\/247stiri.ro\/index.php\/2024\/11\/13\/csa-steaua-il-da-in-judecata-pe-mircea-lucescu\/","title":{"rendered":"CSA Steaua \u00eel d\u0103 \u00een judecat\u0103 pe Mircea Lucescu"},"content":{"rendered":"<p>Campania a debutat \u00een mediul online, unde mai multe pagini de Facebook au fost raportate, iar unele post\u0103ri au fost \u0219terse, pentru c\u0103 foloseau asocieri mai mult sau mai pu\u021bin directe cu Steaua Bucure\u0219ti c\u00e2nd se f\u0103cea referire la FCSB.<\/p>\n<p>CSA Steaua \u00eel d\u0103 \u00een judecat\u0103, \u00een civil, pe Mircea Lucescu<\/p>\n<p>Urm\u0103torul pas este un \u201eatac\u201d \u00een instan\u021b\u0103 \u00eempotriva selec\u021bionerului Rom\u00e2niei, Mircea Lucescu. Tehnicianul a numit-o \u00een repetate r\u00e2nduri \u201eSteaua\u201d pe FCSB, ultima dat\u0103 chiar joia trecut\u0103, dup\u0103 victoria, 2-0, cu Midtjylland.<\/p>\n<p>\u201eSincer s\u0103 v\u0103 spun, nu m\u0103 a\u0219teptam. Nu credeam pentru c\u0103 diferen\u021ba a fost mare \u00een prima repriz\u0103. Midtjylland a avut mai multe situa\u021bii de a marca \u00een prima repriz\u0103, Steaua nu s-a v\u0103zut, dar \u00een repriza a doua a intrat alt\u0103 echip\u0103 \u00een teren.<\/p>\n<p>A fost Steaua a\u0219a cum ne-a obi\u0219nuit \u00een cupele europene: agresiv\u0103, disponibil\u0103, foarte rapid\u0103 \u0219i bine organizat\u0103\u201d, spunea Mircea Lucescu, la plecare de la Arena Na\u021bional\u0103.<\/p>\n<p>CSA Steaua consider\u0103 c\u0103 astfel de declara\u021bii aduc prejudiciu clubului \u0219i a decis s\u0103-l dea \u00een judecat\u0103, \u00een civil, pe Mircea Lucescu. Clubul din Ghencea ar fi trimis deja o adres\u0103 c\u0103tre Federa\u021bia Rom\u00e2n\u0103 de Fotbal.<\/p>","protected":false},"excerpt":{"rendered":"<p>Campania a debutat \u00een mediul online, unde mai multe pagini de Facebook au fost raportate,&hellip;<\/p>\n","protected":false},"author":0,"featured_media":7010,"comment_status":"open","ping_status":"open","sticky":false,"template":"","format":"standard","meta":{"footnotes":""},"categories":[2],"tags":[],"class_list":["post-7022","post","type-post","status-publish","format-standard","has-post-thumbnail","hentry","category-actual"],"_links":{"self":[{"href":"https:\/\/247stiri.ro\/index.php\/wp-json\/wp\/v2\/posts\/7022","targetHints":{"allow":["GET"]}}],"collection":[{"href":"https:\/\/247stiri.ro\/index.php\/wp-json\/wp\/v2\/posts"}],"about":[{"href":"https:\/\/247stiri.ro\/index.php\/wp-json\/wp\/v2\/types\/post"}],"replies":[{"embeddable":true,"href":"https:\/\/247stiri.ro\/index.php\/wp-json\/wp\/v2\/comments?post=7022"}],"version-history":[{"count":0,"href":"https:\/\/247stiri.ro\/index.php\/wp-json\/wp\/v2\/posts\/7022\/revisions"}],"wp:featuredmedia":[{"embeddable":true,"href":"https:\/\/247stiri.ro\/index.php\/wp-json\/wp\/v2\/media\/7010"}],"wp:attachment":[{"href":"https:\/\/247stiri.ro\/index.php\/wp-json\/wp\/v2\/media?parent=7022"}],"wp:term":[{"taxonomy":"category","embeddable":true,"href":"https:\/\/247stiri.ro\/index.php\/wp-json\/wp\/v2\/categories?post=7022"},{"taxonomy":"post_tag","embeddable":true,"href":"https:\/\/247stiri.ro\/index.php\/wp-json\/wp\/v2\/tags?post=7022"}],"curies":[{"name":"wp","href":"https:\/\/api.w.org\/{rel}","templated":true}]}}