{"id":7030,"date":"2024-11-13T18:51:01","date_gmt":"2024-11-13T18:51:01","guid":{"rendered":"https:\/\/247stiri.ro\/index.php\/2024\/11\/13\/haosul-din-sistemul-de-pensii-continua-o-noua-categorie-de-angajati-ameninta-cu-proteste-uriase\/"},"modified":"2024-11-13T18:51:01","modified_gmt":"2024-11-13T18:51:01","slug":"haosul-din-sistemul-de-pensii-continua-o-noua-categorie-de-angajati-ameninta-cu-proteste-uriase","status":"publish","type":"post","link":"https:\/\/247stiri.ro\/index.php\/2024\/11\/13\/haosul-din-sistemul-de-pensii-continua-o-noua-categorie-de-angajati-ameninta-cu-proteste-uriase\/","title":{"rendered":"Haosul din sistemul de pensii continu\u0103! O nou\u0103 categorie de angaja\u021bi amenin\u021b\u0103 cu proteste uria\u0219e"},"content":{"rendered":"<p>Mai multe categorii atrag aten\u021bia c\u0103 sunt \u00een continuare inechit\u0103\u021bii dup\u0103 intrarea \u00een vigoare a Noii Legi a Pensilor \u0219i iat\u0103 c\u0103 ne a\u0219tept\u0103m la noi proteste \u00een fa\u021ba Guvernului cu doar patru zile \u00eenainte de primul tur al alegerilor preziden\u021biale \u0219i, spun sindicali\u0219tii, faptul c\u0103 aceast\u0103 nou\u0103 lege \u00eei dezavantajeaz\u0103 pe cei care lucreaz\u0103 \u00een domeniul nuclear integrat \u0219i c\u0103 s-a ad\u0103ugat o majorare a stagiului de cotizare cu \u0219apte ani pentru zona 1 de radia\u021bii \u0219i cu 10 ani pentru zona a 2-a de radia\u021bii.<\/p>\n<p>Spun oamenii c\u0103 legea nu le mai recunoa\u0219te nici stagiile de cotizare din alte legi anterioare prin care se puteau pensiona mai devreme \u0219i, de asemenea, spun c\u0103 ar putea avea pensii mai mici dup\u0103 aceast\u0103 nou\u0103 lege. Cer practic modificarea acestei legi.<\/p>\n<p>Pe de alt\u0103 parte, sunt \u00een continuare 10.000 de decizii de recalculare ce urmeaz\u0103 s\u0103 ajung\u0103 la oameni \u00een urm\u0103toarea perioad\u0103, iar Casa de Pensii trebuie s\u0103 remedieze \u0219i problema celor care au depus dosarul de pensionare, \u00eens\u0103 nu au primit documentele.<\/p>\n<p><a href=\"https:\/\/www.realitatea.net\/stiri\/actual\/noi-proteste-de-amploare-din-cauza-legii-pensiilor-rezervistii-se-tem-ca-veniturile-vor-ingheta_672fc8e1161b66018538a3d6\" target=\"_blank\">Noi proteste de amploare din cauza legii pensiilor. Rezervi\u0219tii se tem c\u0103 veniturile vor \u00ceNGHE\u021aA<\/a><\/p>","protected":false},"excerpt":{"rendered":"<p>Mai multe categorii atrag aten\u021bia c\u0103 sunt \u00een continuare inechit\u0103\u021bii dup\u0103 intrarea \u00een vigoare a&hellip;<\/p>\n","protected":false},"author":0,"featured_media":7031,"comment_status":"open","ping_status":"open","sticky":false,"template":"","format":"standard","meta":{"footnotes":""},"categories":[2],"tags":[],"class_list":["post-7030","post","type-post","status-publish","format-standard","has-post-thumbnail","hentry","category-actual"],"_links":{"self":[{"href":"https:\/\/247stiri.ro\/index.php\/wp-json\/wp\/v2\/posts\/7030","targetHints":{"allow":["GET"]}}],"collection":[{"href":"https:\/\/247stiri.ro\/index.php\/wp-json\/wp\/v2\/posts"}],"about":[{"href":"https:\/\/247stiri.ro\/index.php\/wp-json\/wp\/v2\/types\/post"}],"replies":[{"embeddable":true,"href":"https:\/\/247stiri.ro\/index.php\/wp-json\/wp\/v2\/comments?post=7030"}],"version-history":[{"count":0,"href":"https:\/\/247stiri.ro\/index.php\/wp-json\/wp\/v2\/posts\/7030\/revisions"}],"wp:featuredmedia":[{"embeddable":true,"href":"https:\/\/247stiri.ro\/index.php\/wp-json\/wp\/v2\/media\/7031"}],"wp:attachment":[{"href":"https:\/\/247stiri.ro\/index.php\/wp-json\/wp\/v2\/media?parent=7030"}],"wp:term":[{"taxonomy":"category","embeddable":true,"href":"https:\/\/247stiri.ro\/index.php\/wp-json\/wp\/v2\/categories?post=7030"},{"taxonomy":"post_tag","embeddable":true,"href":"https:\/\/247stiri.ro\/index.php\/wp-json\/wp\/v2\/tags?post=7030"}],"curies":[{"name":"wp","href":"https:\/\/api.w.org\/{rel}","templated":true}]}}