{"id":7034,"date":"2024-11-13T18:51:02","date_gmt":"2024-11-13T18:51:02","guid":{"rendered":"https:\/\/247stiri.ro\/index.php\/2024\/11\/13\/intalnire-de-gradul-zero-la-casa-alba-au-ingropat-securea-va-fi-cat-se-poate-de-lin\/"},"modified":"2024-11-13T18:51:02","modified_gmt":"2024-11-13T18:51:02","slug":"intalnire-de-gradul-zero-la-casa-alba-au-ingropat-securea-va-fi-cat-se-poate-de-lin","status":"publish","type":"post","link":"https:\/\/247stiri.ro\/index.php\/2024\/11\/13\/intalnire-de-gradul-zero-la-casa-alba-au-ingropat-securea-va-fi-cat-se-poate-de-lin\/","title":{"rendered":"\u00cent\u00e2lnire de gradul zero la Casa Alb\u0103. Au \u00eengropat securea: \u201eVa fi c\u00e2t se poate de lin\u201d"},"content":{"rendered":"<p>Pre\u015fedintele ales al SUA, Donald Trump, a revenit miercuri la Casa Alb\u0103 pentru a discuta despre transferul de putere cu pre\u015fedintele Joe Biden, dup\u0103 victoria sa \u00een scrutinul din 5 noiembrie, relateaz\u0103 Reuters \u015fi AFP.&#8221;Bine ai venit, bine ai venit \u00eenapoi&#8221;, i-a spus Biden lui Trump la \u00eenceputul \u00eent\u00e2lnirii, \u00een fa\u0163a \u015femineului aprins.Biden i-a promis lui Trump un transfer lin de putere \u015fi c\u0103 va face tot posibilul pentru a se asigura c\u0103 va fi bine primit.&#8221;Va fi c\u00e2t se poate de lin&#8221;, i-a replicat Trump vechiului s\u0103u rival.&#8221;Politica este dur\u0103 \u015fi de multe ori nu e o lume prea pl\u0103cut\u0103, dar ast\u0103zi este, \u015fi sunt recunosc\u0103tor c\u0103 va fi o tranzi\u0163ie c\u00e2t se poate de lin\u0103, Joe&#8221;, a spus pre\u015fedintele ales.\u00cenceputul convorbirilor a f\u0103cut un contrast puternic cu criticile lansate reciproc \u00eentre cei doi \u00een ultimii ani, noteaz\u0103 Reuters. Biden (81 de ani) l-a calificat pe Trump drept un pericol la adresa democra\u0163iei, iar Trump (78 de ani) l-a calificat pe Biden drept incompetent.Pentru \u00eent\u00e2lnirea de miercuri, convoiul lui Trump a intrat pe poarta bine p\u0103zit\u0103 a Casei Albe sub ochii unei mul\u0163imi masive de ziari\u015fti aduna\u0163i afar\u0103.Cei doi lideri urmau s\u0103 discute, al\u0103turi de reprezentan\u0163i ai agen\u0163iilor federale, despre o \u00eentreag\u0103 serie de subiecte, inclusiv politic\u0103 extern\u0103.<\/p>","protected":false},"excerpt":{"rendered":"<p>Pre\u015fedintele ales al SUA, Donald Trump, a revenit miercuri la Casa Alb\u0103 pentru a discuta&hellip;<\/p>\n","protected":false},"author":0,"featured_media":7029,"comment_status":"open","ping_status":"open","sticky":false,"template":"","format":"standard","meta":{"footnotes":""},"categories":[2],"tags":[],"class_list":["post-7034","post","type-post","status-publish","format-standard","has-post-thumbnail","hentry","category-actual"],"_links":{"self":[{"href":"https:\/\/247stiri.ro\/index.php\/wp-json\/wp\/v2\/posts\/7034","targetHints":{"allow":["GET"]}}],"collection":[{"href":"https:\/\/247stiri.ro\/index.php\/wp-json\/wp\/v2\/posts"}],"about":[{"href":"https:\/\/247stiri.ro\/index.php\/wp-json\/wp\/v2\/types\/post"}],"replies":[{"embeddable":true,"href":"https:\/\/247stiri.ro\/index.php\/wp-json\/wp\/v2\/comments?post=7034"}],"version-history":[{"count":0,"href":"https:\/\/247stiri.ro\/index.php\/wp-json\/wp\/v2\/posts\/7034\/revisions"}],"wp:featuredmedia":[{"embeddable":true,"href":"https:\/\/247stiri.ro\/index.php\/wp-json\/wp\/v2\/media\/7029"}],"wp:attachment":[{"href":"https:\/\/247stiri.ro\/index.php\/wp-json\/wp\/v2\/media?parent=7034"}],"wp:term":[{"taxonomy":"category","embeddable":true,"href":"https:\/\/247stiri.ro\/index.php\/wp-json\/wp\/v2\/categories?post=7034"},{"taxonomy":"post_tag","embeddable":true,"href":"https:\/\/247stiri.ro\/index.php\/wp-json\/wp\/v2\/tags?post=7034"}],"curies":[{"name":"wp","href":"https:\/\/api.w.org\/{rel}","templated":true}]}}