{"id":7041,"date":"2024-11-13T19:44:47","date_gmt":"2024-11-13T19:44:47","guid":{"rendered":"https:\/\/247stiri.ro\/index.php\/2024\/11\/13\/culisele-statului-paralel-alexandru-rafila-despre-razboiul-intre-smurd-si-ambulanta-nu-imi-este-frica-de-arafat\/"},"modified":"2024-11-13T19:44:47","modified_gmt":"2024-11-13T19:44:47","slug":"culisele-statului-paralel-alexandru-rafila-despre-razboiul-intre-smurd-si-ambulanta-nu-imi-este-frica-de-arafat","status":"publish","type":"post","link":"https:\/\/247stiri.ro\/index.php\/2024\/11\/13\/culisele-statului-paralel-alexandru-rafila-despre-razboiul-intre-smurd-si-ambulanta-nu-imi-este-frica-de-arafat\/","title":{"rendered":"Culisele Statului Paralel. Alexandru Rafila, despre \u201er\u0103zboiul\u201d \u00eentre SMURD \u0219i Ambulan\u021b\u0103: \u201eNu \u00eemi este fric\u0103 de Arafat\u201d"},"content":{"rendered":"<p>Alexandru Rafila a explicat c\u0103, de\u0219i Ministerul S\u0103n\u0103t\u0103\u021bii finan\u021beaz\u0103 integral sistemul de urgen\u021b\u0103, coordonarea acestuia revine \u00een prezent Departamentului pentru Situa\u021bii de Urgen\u021b\u0103 (DSU). Aceast\u0103 dubl\u0103 autoritate a generat tensiuni \u0219i confuzie \u00een r\u00e2ndul autorit\u0103\u021bilor implicate, fiind criticat\u0103 de unele voci din sectorul sanitar care consider\u0103 c\u0103 ar trebui s\u0103 existe o linie clar\u0103 de management \u0219i coordonare.<\/p>\n<p>\u00centrebat ce se \u00eent\u00e2mpl\u0103 cu acest r\u0103zboi \u00eentre SMURD \u0219i Ambulan\u021b\u0103 sau \u00eentre Raed Arafat \u0219i Ambulan\u021b\u0103, Alexandru Rafila a r\u0103spuns: \u201eA\u0219 vrea s\u0103 l\u0103murim. Eu am \u00eencercat cu mai multe ocazii s\u0103 l\u0103muresc care este situa\u021bia.\u00a0M\u0103 rog, \u0219i eu am fost contrazis \u00een mod public. Nu-mi place s\u0103 intru \u00een polemic\u0103, vreau s\u0103 discut\u0103m pe baz\u0103 de argumente \u0219i pe baz\u0103 de dovezi p\u00e2n\u0103 la urm\u0103.\u00a0Mai pu\u021bin, cred c\u0103 e important, \u0219tiu eu, o opinie personal\u0103.\u00a0Discut\u0103m despre o situa\u021bie care, \u00een mod evident, se perpetueaz\u0103 de 10 ani. Una este s\u0103 discut\u0103m despre integrarea serviciilor de ambulan\u021b\u0103 \u0219i SMURD.\u00a0E perfect, corect \u0219i eu \u00eei respect, s\u0103 \u0219ti\u021bi, le mul\u021bumesc paramedicilor care lucreaz\u0103 la SMURD.\u00a0Fac o treab\u0103 foarte bun\u0103 \u00een limita competen\u021belor lor profesionale. Dar asta nu \u00eenseamn\u0103 s\u0103 \u00eenlocuim \u00een vreun fel sau s\u0103 fragiliz\u0103m sistemul de ambulan\u021b\u0103 din Rom\u00e2nia,\u00a0care a avut \u00een ultimii 10 ani permanent probleme \u00een ceea ce prive\u0219te asigurarea resursei umane.\u00a0Pe de-o parte, noi \u00een sf\u00e2r\u0219it am reu\u0219it s\u0103 aprob\u0103m 1200 de posturi noi la serviciile de ambulan\u021b\u0103\u00a0prin memorandum al Guvernului.\u00a0\u0218i ceea ce este cel mai serios, cred eu, este legat de faptul c\u0103 starea tehnic\u0103 a parcului auto\u00a0este foarte, foarte, foarte&#8230; precar\u0103. Precar\u0103, au sute de mii de kilometri. \u0218i au existat oportunit\u0103\u021bi, \u00eencep\u00e2nd din anul 2018, de exemplu,\u00a0pentru achizi\u021bia p\u00e2n\u0103 la 4000 de ambulan\u021be, nu s-au achizi\u021bionat dec\u00e2t c\u00e2teva sute. Toate discu\u021biile acestea &#8230; \u0218i \u00een\u021beleg c\u0103 \u0219i acum e o procedur\u0103 \u00eenceput\u0103 care, din nou, a fost blocat\u0103,\u00a0nu \u0219tiu exact care e situa\u021bia, pentru c\u0103 nu ne ocup\u0103m noi la Ministerul S\u0103n\u0103t\u0103\u021bii.\u00a0<\/p>\n<p>Este un mecanism care este \u00een vigoare de mai mul\u021bi ani.\u00a0Au fost diverse schimb\u0103ri legislative care au permis acest lucru.\u00a0Inclusiv aceast\u0103 modalitate de func\u021bionare a medicinii de urgen\u021b\u0103,\u00a0\u0219i m\u0103 refer aici la serviciile de ambulan\u021b\u0103 \u0219i la unit\u0103\u021bile de primire urgen\u021b\u0103,\u00a0care sunt finan\u021bate integral de Ministerul S\u0103n\u0103t\u0103\u021bii,\u00a0dar sunt coordonate operativ de DSU. Este o lege, Ordonan\u021ba 1 din 2014,\u00a0care introduce o no\u021biune despre care eu n-am auzit \u00een niciun fel de stat.\u00a0Se nume\u0219te starea provizorie de normalitate. Extrapolarea unei situa\u021bii de criz\u0103,\u00a0eu s\u0103 spunem, un accident mare cu victime multiple,\u00a0o catastrof\u0103 natural\u0103, un incendiu \u0219i a\u0219a mai departe,\u00a0unde categoric acolo o comand\u0103 trebuie s\u0103 fie la DSU,\u00a0f\u0103r\u0103 niciun fel de t\u0103gad\u0103.\u00a0\u0218i s\u0103 spunem c\u0103 o stare de boal\u0103 pe care o are cineva este o urgen\u021b\u0103 \u00een care coordonarea trebuie s\u0103 fie tot acolo\u201d. <\/p>\n<p>Referitor la schimbarea legii, acesta a spus:  \u201eTrebuie schimbat\u0103 o lege,\u00a0care a fost o Ordonan\u021b\u0103, aten\u021bie, Ordonan\u021b\u0103 din 2014,\u00a0care nu a mai ajuns niciodat\u0103 \u00een Parlament. Ordonan\u021bele trebuie s\u0103 ajung\u0103 \u00een Parlament. Ea nu a mai ajuns niciodat\u0103 \u00een Parlament.\u00a0Ca s\u0103 poat\u0103 s\u0103 fie schimbat\u0103, s\u0103 punem lucrurile pe un f\u0103ga\u0219,\u00a0cred eu, firesc trebuie s\u0103 existe o asumare \u0219i o decizie politic\u0103.\u00a0Eu sunt foarte, foarte tran\u0219ant \u00een ceea ce prive\u0219te chestiunea asta.\u00a0Eu vreau s\u0103 v\u0103 spun un lucru,\u00a0ca s\u0103 nu pare o chestiune de natur\u0103 personal\u0103.\u00a0Eu \u00eel apreciez pe domnul Arafat, care e un foarte bun organizator. Nu pot s\u0103 neg acest lucru, pentru c\u0103 este evident.\u00a0Da, de aici p\u00e2n\u0103 la fragiliza\u021bi serviciile de medicin\u0103 de urgen\u021b\u0103,\u00a0ambulan\u021ba \u00een special,\u00a0iar echipajele medicale de pe SMURD, atunci c\u00e2nd sunt luate de la unit\u0103\u021bile de primiri urgen\u021b\u0103, s\u0103 ne \u00een\u021belegem.\u00a0Ca s\u0103 \u0219tie toat\u0103 lumea ce este vorba. (&#8230;) Cred c\u0103 ei trebuie s\u0103 sprijine serviciile de ambulan\u021b\u0103\u00a0\u0219i mai ales c\u0103 serviciile de ambulan\u021b\u0103\u00a0realizeaz\u0103 circa 90% din toate interven\u021biile medicalizate\u00a0care se \u00eent\u00e2mpl\u0103 \u00een Rom\u00e2nia.\u00a0E o nemul\u021bumire \u0219i la nivelul celor 10.000 de sindicali\u0219ti\u00a0de la sindicatul Ambulan\u021ba, dar nu cred c\u0103\u00a0lucrurile trebuie s\u0103 mearg\u0103 \u00eentr-o zon\u0103 de disput\u0103,\u00a0trebuie s\u0103 mearg\u0103 \u00eentr-o zon\u0103 de colaborare. Exist\u0103 o comisie mixt\u0103 \u00eentre Ministerul S\u0103n\u0103t\u0103\u021bii \u0219i DSU,\u00a0unde Ministerul S\u0103n\u0103t\u0103\u021bii, p\u00e2n\u0103 s\u0103 vin eu la Minister,\u00a0nu prea a avut niciun cuv\u00e2nt de spus\u201d.<\/p>\n<p>\u00centrebat cui \u00eei e fric\u0103 de Raed Arafat pentru c\u0103 aceast\u0103 situa\u021bie nu se reglementeaz\u0103, Alexandru Rafila a replicat: \u201eNu \u0219tiu. Mie nu \u00eemi este fric\u0103 de Arafat\u201d.<\/p>\n<p>\u00a0<\/p>","protected":false},"excerpt":{"rendered":"<p>Alexandru Rafila a explicat c\u0103, de\u0219i Ministerul S\u0103n\u0103t\u0103\u021bii finan\u021beaz\u0103 integral sistemul de urgen\u021b\u0103, coordonarea acestuia&hellip;<\/p>\n","protected":false},"author":0,"featured_media":7040,"comment_status":"open","ping_status":"open","sticky":false,"template":"","format":"standard","meta":{"footnotes":""},"categories":[2],"tags":[],"class_list":["post-7041","post","type-post","status-publish","format-standard","has-post-thumbnail","hentry","category-actual"],"_links":{"self":[{"href":"https:\/\/247stiri.ro\/index.php\/wp-json\/wp\/v2\/posts\/7041","targetHints":{"allow":["GET"]}}],"collection":[{"href":"https:\/\/247stiri.ro\/index.php\/wp-json\/wp\/v2\/posts"}],"about":[{"href":"https:\/\/247stiri.ro\/index.php\/wp-json\/wp\/v2\/types\/post"}],"replies":[{"embeddable":true,"href":"https:\/\/247stiri.ro\/index.php\/wp-json\/wp\/v2\/comments?post=7041"}],"version-history":[{"count":0,"href":"https:\/\/247stiri.ro\/index.php\/wp-json\/wp\/v2\/posts\/7041\/revisions"}],"wp:featuredmedia":[{"embeddable":true,"href":"https:\/\/247stiri.ro\/index.php\/wp-json\/wp\/v2\/media\/7040"}],"wp:attachment":[{"href":"https:\/\/247stiri.ro\/index.php\/wp-json\/wp\/v2\/media?parent=7041"}],"wp:term":[{"taxonomy":"category","embeddable":true,"href":"https:\/\/247stiri.ro\/index.php\/wp-json\/wp\/v2\/categories?post=7041"},{"taxonomy":"post_tag","embeddable":true,"href":"https:\/\/247stiri.ro\/index.php\/wp-json\/wp\/v2\/tags?post=7041"}],"curies":[{"name":"wp","href":"https:\/\/api.w.org\/{rel}","templated":true}]}}