{"id":7074,"date":"2024-11-13T22:44:47","date_gmt":"2024-11-13T22:44:47","guid":{"rendered":"https:\/\/247stiri.ro\/index.php\/2024\/11\/13\/george-simion-explica-incidentul-din-platoul-tv-nu-a-fost-nimic-regizat-m-am-dus-acolo-ca-sa-raspund-acuzatiilor\/"},"modified":"2024-11-13T22:44:47","modified_gmt":"2024-11-13T22:44:47","slug":"george-simion-explica-incidentul-din-platoul-tv-nu-a-fost-nimic-regizat-m-am-dus-acolo-ca-sa-raspund-acuzatiilor","status":"publish","type":"post","link":"https:\/\/247stiri.ro\/index.php\/2024\/11\/13\/george-simion-explica-incidentul-din-platoul-tv-nu-a-fost-nimic-regizat-m-am-dus-acolo-ca-sa-raspund-acuzatiilor\/","title":{"rendered":"George Simion explic\u0103 incidentul din platoul TV: \u201eNU a fost nimic regizat. M-am dus acolo ca s\u0103 r\u0103spund acuza\u021biilor\u201d"},"content":{"rendered":"<p>Acum, con\u0219tient v\u0103 spun, de asta sunt \u0219i at\u00e2t de sigur, eu \u0219tiu de fiecare dat\u0103 ce am f\u0103cut, unde am fost, sunt acuzat c\u0103 m-a\u0219 fi v\u0103zut cu agen\u021bi ru\u0219i \u00een 2011-2012, \u00een mod repetat de acela\u0219i post de televiziune. De 2 ani, ei au aruncat aceast\u0103 fumigen\u0103 cu \u00eent\u00e2lnirea mea la Cern\u0103u\u021bi, \u00een 2011-2012, cu un agent sau rezident al GRU, FSB, nu \u0219tiu.<\/p>\n<p>\u00a0<\/p>\n<p>\u0218tiu foarte bine ce am f\u0103cut, mi-am luat \u0219i pa\u0219aportul ca s\u0103-mi clarific dac\u0103 stau bine cu memoria, nu am fost la Cern\u0103u\u021bi nici \u00een 2011, nici \u00een 2012, tot acela\u0219i \u0219ir de acuza\u021bii, pornit acum un an \u0219i jum\u0103tate, m\u0103 acuz\u0103 c\u0103 m-a\u0219 fi v\u0103zut cu un domn ideolog al Partidului Comunist din Republica Moldova, Marc Tcaciuc, \u00een mod repetat, nu m-am v\u0103zut cu acel domn niciodat\u0103 \u00een via\u021b\u0103, \u0219tiu cine este domnul \u0219i nu m-am v\u0103zut, nici n-am discutat vreodat\u0103, iar acum, referitor la atitudinea postului Antena 3, legat\u0103 de mine ca \u0219i candidat la alegerile preziden\u021biale.<\/p>\n<p>\u00a0<\/p>\n<p>Luni sear\u0103 mo\u021b\u0103iam \u0219i am auzit, i-am zis Ilinc\u0103i s\u0103 dea mai tare, l-am auzit pe domnul G\u00e2dea, la finalul emisiunii dumnealui, cum spune c\u0103 la aceast\u0103 emisiune a fost invitat \u0219i George Simion s\u0103 participe \u00een aceast\u0103 sear\u0103 \u0219i a refuzat. Pe mine m-a intrigat chestiunea asta, dar av\u00e2nd \u00een vedere c\u0103 \u00een ultimele luni Antena 3 nu a mai chemat pe nimeni din partea Partidului AUR, nu reflect\u0103 \u0219i pozi\u021biile noastre, am zis c\u0103 e \u00eenc\u0103 o chestiune din aceast\u0103 pozi\u021bionare a Antenei 3 fa\u021b\u0103 de un concurent electoral la alegerile preziden\u021biale \u0219i fa\u021b\u0103 de o mi\u0219care politic\u0103 ce are o sus\u021binere de minim 20% din r\u00e2ndul rom\u00e2nilor. Nu mi se pare normal s\u0103 ai o astfel de atitudine fa\u021b\u0103 de o parte a poporului rom\u00e2n care voteaz\u0103.<\/p>\n<p>AUR voteaz\u0103 George Simion. Acum, s\u0103 v\u0103 spun exact cum a fost, v\u0103 spun c\u0103 \u00eentotdeauna am procedat a\u0219a la emisiunile dumneavoastr\u0103. Tot am primit mesaje: \u201eDezminte cumva c\u0103 nu e\u0219ti agent rus. Ziua mea de campanie de ieri a \u00eenceput \u00een metroul bucure\u0219tean. Am avut \u00eent\u00e2lniri cu un sindicat de la STB \u0219i trebuia s\u0103 merg la Vaslui pentru un eveniment electoral.<\/p>\n<p>M-am dus, am mers 4 ore p\u00e2n\u0103 la Vaslui cu ma\u0219ina. Am \u021binut la ora 18 un eveniment electoral. M-am dus s\u0103-l salut pe un alt prieten de al dumneavoastr\u0103 \u0219i al meu, pe domnul Adrian Porumboiu, care e \u00een Vaslui.<\/p>\n<p>Aveam doar 5 minute la dispozi\u021bie. Trebuia s\u0103 prind avionul de la Ia\u0219i s\u0103 merg la Bucure\u0219ti. Domnul Porumboiu mi-a zis, George, dezminte, dac\u0103 m\u0103 duc \u00een conferin\u021b\u0103 de pres\u0103, bun, o s\u0103 taie ce o s\u0103 vrea ei \u0219i nu o s\u0103 pot s\u0103-mi fac opinia auzit\u0103 la Antena 3. C\u0103 a\u0219a func\u021bioneaz\u0103 presa, a\u0219a func\u021bioneaz\u0103 o parte din televiziune. Nu, nu, du-te. Bine, o s\u0103 fac m\u00e2ine sear\u0103 o conferin\u021b\u0103 de pres\u0103.<\/p>\n<p>Nu, f\u0103-o la 2 ca s\u0103 aib\u0103 timp. \u00cen fine, plec, n-am putut s\u0103 vorbesc nimic cu domnul Porumboiu, at\u00e2ta a \u021binut. Am mai sunat-o \u0219i pe Ilinca, timp de 8 minute, s\u0103-i zic\u0103 acela\u0219i lucru.<\/p>\n<p>Mi-a zis Ilinca, iar pe drum spre Ia\u0219i m\u0103 sun\u0103 un alt apropiat de al meu, senseiul, omul cu care m\u0103 preg\u0103tesc pentru condi\u021bie fizic\u0103, sensei Florentin Marinescu. Dezminte, spune-le c\u0103 nu e\u0219ti agent rus, c\u0103 uite c\u0103 tu ai luptat pentru unire, pentru o \u021bar\u0103 \u00eentreag\u0103, pentru re\u00eentregirea, ac\u021biunile tale dezminte. Sunt oameni care nu neap\u0103rat au interac\u021bionat cu televiziunile.<\/p>\n<p>\u0218i ce mi-a pus capac? A fost mama care i-a dat Ilinca-i mesaj. Spune-i s\u0103 ias\u0103 s\u0103 dezmint\u0103.<\/p>\n<p>C\u00e2nd am ajuns la Ia\u0219i, deja am luat hot\u0103r\u00e2ri, am anun\u021bat pe membrii echipei mele de campanie, le-am zis, dac\u0103 aterizezi la timp, trebuia s\u0103 aterizeze la 22.05, eu m\u0103 duc la parlament, m\u0103car intru \u00een live, m\u0103car s\u0103 ar\u0103t oamenilor c\u0103 nu m\u0103 primesc. C\u0103 asta a fost b\u0103nuiala mea, c\u0103 nu o s\u0103 fiu primit. Acum, cei care zic c\u0103 exist\u0103 un scenariu, c\u0103 am aranjat, se g\u00e2ndesc cum am intrat eu la Antena 3.<\/p>\n<p>Anca Alexandrescu: P\u0103i nu, a\u021bi intrat la parlament. Asta este o chestie de logic\u0103. Acea emisiune s-a desf\u0103\u0219urat \u00een palatul parlamentului, din momentul \u0103sta ave\u021bi acces liber \u00een parlament.<\/p>\n<p>\u00a0<\/p>\n<p>George Simion: Unde eu am acces, da.<\/p>\n<p>\u00a0<\/p>\n<p>Anca Alexandrescu: Sigur. \u0218i putea\u021bi intra \u00een orice moment. Asta chiar nu era o problem\u0103.<\/p>\n<p>\u00a0<\/p>\n<p>George Simion: Am trimis membrii din echipa mea de campanie, \u00eenainte s\u0103 testeze un pic terenul, nu i-au primit. C\u0103 erau angaja\u021bi ai parlamentului, sau nu aveau cum s\u0103 intre. Dar eu, ca parlamentar, pot s\u0103 intru \u0219i la 12 noaptea, \u0219i la 2 noaptea. \u0218i am zis c\u0103 nu m\u0103 primesc. Mi-am f\u0103cut calculele s\u0103 fiu c\u00e2t se poate de calm, pentru c\u0103 altfel riscam s\u0103 fiu etichetat, cum am mai fost etichetat, \u0219i cum am mai avut eu gre\u0219eli. \u0218i am ridicat tonul, \u0219i m-am sup\u0103rat, \u0219i m-am enervat. \u0218i mi-am propus s\u0103 fiu c\u00e2t se poate de calm. Am organizat multe evenimente \u00een acea sal\u0103, sala Rosetti. Am intrat, m-am g\u00e2ndit pe unde intru, pe la public, pe acolo, sau \u00een backstage, spre sal\u0103. \u0218i am ales u\u0219a din st\u00e2nga. \u0218i am a\u0219teptat acolo.<\/p>\n<p>Am intrat acolo \u0219i am a\u0219teptat acolo. Am pus camera pe participan\u021bi, c\u0103 dac\u0103 intram \u00een platou, \u0103la eram. Ziceau c\u0103 atac huliganic \u0219i a\u0219a, au intrat scandal, Simion a dat buzna. N-am dat nicio buzna. Am stat acolo, Mihai G\u00e2dea m-a v\u0103zut \u0219i mi-a zis haide\u021bi \u00eencoace, a\u021bi venit peste noi. N-am venit peste voi. Eu nu vin dac\u0103 nu m\u0103 chema\u021bi. Veni\u021bi \u00eencoace.<\/p>\n<p>\u00a0<\/p>\n<p>Anca Alexandrescu: Deci n-a\u021bi intrat cu for\u021ba. V-a dus \u0219i a\u021bi a\u0219teptat.<\/p>\n<p>\u00a0<\/p>\n<p>George Simion: Doamna Alexandrescu, un milion de oameni au v\u0103zut clipul postat pe pagina mea de Facebook secund\u0103 cu secund\u0103, ca s\u0103 nu denatur\u0103m adev\u0103rul. Au v\u0103zut cu ochii lor ce s-a \u00eent\u00e2mplat. Deci am intrat acolo, mi-a zis domnul G\u00e2dea. Domnul G\u00e2dea tremura. Era foarte agitat. A\u0219a era domnul G\u00e2dea. Cred c\u0103 se vede \u0219i \u00een imaginile date la Antena 3. \u0218i dup\u0103 aia, eu m-am trezit. \u0218i eu nu m\u0103 sim\u021beam foarte bine, cel pu\u021bin \u00een primele minute, drept s\u0103 v\u0103 zic. Aveam 400 de oameni care erau contra mea. Erau spectatorii care reprezentau pe cei patru candida\u021bi. Erau reprezentan\u021bii candida\u021bilor \u0219i jurnali\u0219tii de la antena 3, foc \u0219i par\u0103, cu \u00eentreb\u0103ri. \u0218i am r\u0103spuns la \u00eentreb\u0103ri. Eu at\u00e2t am cerut. N-am cerut reclam\u0103 pozitiv\u0103. Eu am cerut, dac\u0103 sunt acuzat c\u0103 sunt agent rus, s\u0103 fie \u0219i p\u0103rerea mea, sau dac\u0103 nu iau p\u0103rerea mea, m\u0103car s\u0103 nu zic\u0103. L-am invitat \u0219i pe George Simion \u0219i a refuzat. Am vrut s\u0103 fie dreptate s\u0103 se respecte adev\u0103rul\u201d, a declart liderul AUR \u00een emisiunea Culisele Statului Paralel.<\/p>","protected":false},"excerpt":{"rendered":"<p>Acum, con\u0219tient v\u0103 spun, de asta sunt \u0219i at\u00e2t de sigur, eu \u0219tiu de fiecare&hellip;<\/p>\n","protected":false},"author":0,"featured_media":7073,"comment_status":"open","ping_status":"open","sticky":false,"template":"","format":"standard","meta":{"footnotes":""},"categories":[2],"tags":[],"class_list":["post-7074","post","type-post","status-publish","format-standard","has-post-thumbnail","hentry","category-actual"],"_links":{"self":[{"href":"https:\/\/247stiri.ro\/index.php\/wp-json\/wp\/v2\/posts\/7074","targetHints":{"allow":["GET"]}}],"collection":[{"href":"https:\/\/247stiri.ro\/index.php\/wp-json\/wp\/v2\/posts"}],"about":[{"href":"https:\/\/247stiri.ro\/index.php\/wp-json\/wp\/v2\/types\/post"}],"replies":[{"embeddable":true,"href":"https:\/\/247stiri.ro\/index.php\/wp-json\/wp\/v2\/comments?post=7074"}],"version-history":[{"count":0,"href":"https:\/\/247stiri.ro\/index.php\/wp-json\/wp\/v2\/posts\/7074\/revisions"}],"wp:featuredmedia":[{"embeddable":true,"href":"https:\/\/247stiri.ro\/index.php\/wp-json\/wp\/v2\/media\/7073"}],"wp:attachment":[{"href":"https:\/\/247stiri.ro\/index.php\/wp-json\/wp\/v2\/media?parent=7074"}],"wp:term":[{"taxonomy":"category","embeddable":true,"href":"https:\/\/247stiri.ro\/index.php\/wp-json\/wp\/v2\/categories?post=7074"},{"taxonomy":"post_tag","embeddable":true,"href":"https:\/\/247stiri.ro\/index.php\/wp-json\/wp\/v2\/tags?post=7074"}],"curies":[{"name":"wp","href":"https:\/\/api.w.org\/{rel}","templated":true}]}}